{"id":2142,"date":"2019-09-12T15:59:05","date_gmt":"2019-09-12T20:59:05","guid":{"rendered":"https:\/\/raicesjerezanas.com\/?p=2142"},"modified":"2019-09-12T15:59:05","modified_gmt":"2019-09-12T20:59:05","slug":"majestuosa-serenata-a-la-virgen-de-la-soledad","status":"publish","type":"post","link":"https:\/\/raicesjerezanas.com\/?p=2142","title":{"rendered":"MAJESTUOSA SERENATA A LA VIRGEN DE LA SOLEDAD"},"content":{"rendered":"<p>Una majestuosa y especial serenata ofreci\u00f3 el gobierno municipal a la Virgen de la Soledad en su Santuario, con la presentaci\u00f3n del Ensamble Fuensanta dentro de las actividades del novenario de esta m\u00e1xima figura jerezana.<\/p>\n<p>La jefa del Departamento de Turismo, Alba Dena Pereyra, se congratul\u00f3 de ser parte de esta celebraci\u00f3n que distingue al municipio, la cual el gobierno de Antonio Aceves S\u00e1nchez busca destacar y promover tanto dentro como fuera del estado.<\/p>\n<p>Por tal se prepar\u00f3 un peculiar concierto titulado Hasta la Ra\u00edz, que puso de manifiesto a trav\u00e9s de la m\u00fasica la devoci\u00f3n que los jerezanos tienen hacia esta solemnidad, ante un Santuario en su m\u00e1ximo esplendor por la ornamentaci\u00f3n de pigmentos ros\u00e1ceos y lilas que por primera vez le fue instalada.<\/p>\n<p>A trav\u00e9s de la visi\u00f3n contempor\u00e1nea sobre la m\u00fasica cl\u00e1sica y mexicana, la agrupaci\u00f3n jerezana nacida en el 2015 e inspirada para su nombre en el poeta Ram\u00f3n L\u00f3pez Velarde, mostr\u00f3 la consolidaci\u00f3n de sus j\u00f3venes integrantes quienes por su talento han logrado traspasar fronteras, convirti\u00e9ndose en embajadores del arte nacional en varias parte del pa\u00eds y fuera de \u00e9l como Colombia e Italia.<\/p>\n<p>Lo anterior dado que se caracterizan por trabajar en la integraci\u00f3n de las bellas artes, enriqueciendo su espect\u00e1culo al invitar a profesionales de diferentes expresiones art\u00edsticas, como en esta ocasi\u00f3n el reconocido orador, poeta y locutor Anuar Alvarado quien en momentos intermedios recit\u00f3 poemas a la Virgen.<\/p>\n<p>Fusionando la t\u00e9cnica cl\u00e1sica con canciones del folclor mexicano, presentaron dentro del concierto dos partes correspondiendo la primera del siglo 14 al 18 con canciones como Preludio suite n\u00famero 1 en Sol mayor, Donna Nobis, Per la gloria de adorarvi y el Ave mar\u00eda de Shubert<\/p>\n<p>En la segunda parte preponderaron piezas populares mexicanas como Jes\u00fas alegr\u00eda de los hombres, Gloria a Jes\u00fas, Halleluya, Rayando el sol y Amor eterno para hacer un magn\u00edfico cierre con Diario de Mar\u00eda.<\/p>\n<p>Juan Francisco Ram\u00edrez Flores en el viol\u00edn, Manuel M\u00e1rquez S\u00e1nchez tenor y percusionista, Ver\u00f3nica Hern\u00e1ndez Tizcare\u00f1o como soprano, y Diego Jim\u00e9nez de los Santos como director general adem\u00e1s de arreglista, bar\u00edtono y guitarrista lograron generar un ambiente arm\u00f3nico y sereno que reson\u00f3 en el recinto eclesi\u00e1stico y consigui\u00f3 los constantes aplausos del p\u00fablico.<\/p>\n","protected":false},"excerpt":{"rendered":"<div class=\"mh-excerpt\"><p>Una majestuosa y especial serenata ofreci\u00f3 el gobierno municipal a la Virgen de la Soledad en su Santuario, con la presentaci\u00f3n del Ensamble Fuensanta dentro <a class=\"mh-excerpt-more\" href=\"https:\/\/raicesjerezanas.com\/?p=2142\" title=\"MAJESTUOSA SERENATA A LA VIRGEN DE LA SOLEDAD\">&#8230;<\/a><\/p>\n<\/div>","protected":false},"author":1,"featured_media":2143,"comment_status":"closed","ping_status":"closed","sticky":false,"template":"","format":"standard","meta":{"footnotes":""},"categories":[],"tags":[],"class_list":["post-2142","post","type-post","status-publish","format-standard","has-post-thumbnail","hentry"],"_links":{"self":[{"href":"https:\/\/raicesjerezanas.com\/index.php?rest_route=\/wp\/v2\/posts\/2142","targetHints":{"allow":["GET"]}}],"collection":[{"href":"https:\/\/raicesjerezanas.com\/index.php?rest_route=\/wp\/v2\/posts"}],"about":[{"href":"https:\/\/raicesjerezanas.com\/index.php?rest_route=\/wp\/v2\/types\/post"}],"author":[{"embeddable":true,"href":"https:\/\/raicesjerezanas.com\/index.php?rest_route=\/wp\/v2\/users\/1"}],"replies":[{"embeddable":true,"href":"https:\/\/raicesjerezanas.com\/index.php?rest_route=%2Fwp%2Fv2%2Fcomments&post=2142"}],"version-history":[{"count":0,"href":"https:\/\/raicesjerezanas.com\/index.php?rest_route=\/wp\/v2\/posts\/2142\/revisions"}],"wp:featuredmedia":[{"embeddable":true,"href":"https:\/\/raicesjerezanas.com\/index.php?rest_route=\/wp\/v2\/media\/2143"}],"wp:attachment":[{"href":"https:\/\/raicesjerezanas.com\/index.php?rest_route=%2Fwp%2Fv2%2Fmedia&parent=2142"}],"wp:term":[{"taxonomy":"category","embeddable":true,"href":"https:\/\/raicesjerezanas.com\/index.php?rest_route=%2Fwp%2Fv2%2Fcategories&post=2142"},{"taxonomy":"post_tag","embeddable":true,"href":"https:\/\/raicesjerezanas.com\/index.php?rest_route=%2Fwp%2Fv2%2Ftags&post=2142"}],"curies":[{"name":"wp","href":"https:\/\/api.w.org\/{rel}","templated":true}]}}