{"id":2145,"date":"2019-09-12T16:07:25","date_gmt":"2019-09-12T21:07:25","guid":{"rendered":"https:\/\/raicesjerezanas.com\/?p=2145"},"modified":"2019-09-12T16:07:25","modified_gmt":"2019-09-12T21:07:25","slug":"realizaran-macrosimulacro-el-19-de-septiembre-a-las-10-de-la-manana","status":"publish","type":"post","link":"https:\/\/raicesjerezanas.com\/?p=2145","title":{"rendered":"REALIZAR\u00c1N MACROSIMULACRO EL 19 DE SEPTIEMBRE A LAS 10 DE LA MA\u00d1ANA"},"content":{"rendered":"<p>Como en el resto del pa\u00eds, Jerez se prepara para participar en el macrosimulacro nacional simult\u00e1neo el pr\u00f3ximo 19 de septiembre, a fin de recordar a las v\u00edctimas de los sismos de 1985 y 2017.<\/p>\n<p>La actividad que organiza el Gobierno de Jerez a trav\u00e9s de Protecci\u00f3n Civil Municipal en coordinaci\u00f3n con corporaciones estatales, federales e iniciativa privada, busca el fortalecer la cultura de prevenci\u00f3n, coment\u00f3 Liborio Carrillo Castro, Secretario General del Ayuntamiento.<\/p>\n<p>A\u00fan por definir la sectorizaci\u00f3n de las corporaciones de Guardia Nacional, SEDENA, Seguridad Vial, Seguridad P\u00fablica Municipal y Protecci\u00f3n Civil, se tiene hasta el momento la invitaci\u00f3n a 41 instituciones y establecimientos, en su mayor\u00eda dispuestos a formar parte de este ejercicio que podr\u00eda tardar hasta 15 minutos en completarse.<\/p>\n<p>Estancias infantiles, guarder\u00edas, escuelas y centros comerciales ya han realizado simulacros con la supervisi\u00f3n de PC, sin embargo, al igual que los dem\u00e1s participantes, deben registrarse en el Atlas Nacional de Riesgos a trav\u00e9s de una c\u00e9dula con datos detallados de su participaci\u00f3n.<\/p>\n<p>En reuni\u00f3n de trabajo se hizo \u00e9nfasis en difundir a la poblaci\u00f3n que el jueves 19 de septiembre a las 10 de la ma\u00f1ana, los automovilistas se detengan, los transe\u00fantes colaboren y sean parte del macrosimulacro que representa emergencias reales, por ello la importancia de generar conciencia de prevenci\u00f3n y la responsabilidad que conlleva.<\/p>\n","protected":false},"excerpt":{"rendered":"<div class=\"mh-excerpt\"><p>Como en el resto del pa\u00eds, Jerez se prepara para participar en el macrosimulacro nacional simult\u00e1neo el pr\u00f3ximo 19 de septiembre, a fin de recordar <a class=\"mh-excerpt-more\" href=\"https:\/\/raicesjerezanas.com\/?p=2145\" title=\"REALIZAR\u00c1N MACROSIMULACRO EL 19 DE SEPTIEMBRE A LAS 10 DE LA MA\u00d1ANA\">&#8230;<\/a><\/p>\n<\/div>","protected":false},"author":1,"featured_media":2146,"comment_status":"closed","ping_status":"closed","sticky":false,"template":"","format":"standard","meta":{"footnotes":""},"categories":[],"tags":[],"class_list":["post-2145","post","type-post","status-publish","format-standard","has-post-thumbnail","hentry"],"_links":{"self":[{"href":"https:\/\/raicesjerezanas.com\/index.php?rest_route=\/wp\/v2\/posts\/2145","targetHints":{"allow":["GET"]}}],"collection":[{"href":"https:\/\/raicesjerezanas.com\/index.php?rest_route=\/wp\/v2\/posts"}],"about":[{"href":"https:\/\/raicesjerezanas.com\/index.php?rest_route=\/wp\/v2\/types\/post"}],"author":[{"embeddable":true,"href":"https:\/\/raicesjerezanas.com\/index.php?rest_route=\/wp\/v2\/users\/1"}],"replies":[{"embeddable":true,"href":"https:\/\/raicesjerezanas.com\/index.php?rest_route=%2Fwp%2Fv2%2Fcomments&post=2145"}],"version-history":[{"count":0,"href":"https:\/\/raicesjerezanas.com\/index.php?rest_route=\/wp\/v2\/posts\/2145\/revisions"}],"wp:featuredmedia":[{"embeddable":true,"href":"https:\/\/raicesjerezanas.com\/index.php?rest_route=\/wp\/v2\/media\/2146"}],"wp:attachment":[{"href":"https:\/\/raicesjerezanas.com\/index.php?rest_route=%2Fwp%2Fv2%2Fmedia&parent=2145"}],"wp:term":[{"taxonomy":"category","embeddable":true,"href":"https:\/\/raicesjerezanas.com\/index.php?rest_route=%2Fwp%2Fv2%2Fcategories&post=2145"},{"taxonomy":"post_tag","embeddable":true,"href":"https:\/\/raicesjerezanas.com\/index.php?rest_route=%2Fwp%2Fv2%2Ftags&post=2145"}],"curies":[{"name":"wp","href":"https:\/\/api.w.org\/{rel}","templated":true}]}}