{"id":2147,"date":"2019-09-12T16:13:43","date_gmt":"2019-09-12T21:13:43","guid":{"rendered":"https:\/\/raicesjerezanas.com\/?p=2147"},"modified":"2019-09-12T16:13:43","modified_gmt":"2019-09-12T21:13:43","slug":"orientan-a-jovenes-jerezanos-a-prevenir-embarazos-no-planificados","status":"publish","type":"post","link":"https:\/\/raicesjerezanas.com\/?p=2147","title":{"rendered":"ORIENTAN A J\u00d3VENES JEREZANOS A PREVENIR EMBARAZOS NO PLANIFICADOS"},"content":{"rendered":"<p>Preocupada por la juventud jerezana en el marco de las actividades del D\u00eda Nacional para la Prevenci\u00f3n del Embarazo no Planificado en Adolescentes, la administraci\u00f3n que encabeza Antonio Aceves S\u00e1nchez ofreci\u00f3 conferencias a estudiantes de secundaria.<\/p>\n<p>El DIF Municipal en coordinaci\u00f3n con el Instituto de la Mujer Jerezana (INMUJE), llev\u00f3 la charla a las escuelas Armando Cruz Palomino y Constituyentes 1917, con el objetivo de orientar a los j\u00f3venes y generarles conciencia sobre sus actos y los riesgos que implica el saltar etapas de sus vidas.<\/p>\n<p>Al dar la bienvenida la Presidenta Honorifica del DIF, Nayeli \u00c1lvarez Haro, agradeci\u00f3 el inter\u00e9s de los presentes y los invit\u00f3 a llevar una vida saludable y a reflexionar sobre su actuar tanto en sus hogares como en el entorno social.<\/p>\n<p>La Directora del INMUJE, Griselda Salcedo Ibarra, reconoci\u00f3 la gran problem\u00e1tica que existe en el tema de los embarazos no planificados, a lo que se\u00f1al\u00f3 que la cultura de la prevenci\u00f3n ser\u00e1 un aliado para combatir ese gran problema entre los j\u00f3venes, sobre todo entre los de 14 y 15 a\u00f1os de edad.<\/p>\n<p>Las conferencias denominadas Cambios neurofisiol\u00f3gicos en los adolescentes, salud sexual y reproducci\u00f3n si protecci\u00f3n, y Sentido de la vida en la adolescencia, fueron impartidas por el doctor Eladio Verver y Vargas.<\/p>\n<p>Explic\u00f3 a los j\u00f3venes que deben tomar la vida con calma, disfrutar su libertad con responsabilidad al tener una vida saludable y al mismo tiempo hacer reflexi\u00f3n sobre su actuar.<\/p>\n<p>Los estudiantes interactuaron en la pl\u00e1tica y se mostraron atentos en el transcurso del di\u00e1logo. Al evento tambi\u00e9n asisti\u00f3 la Directora del DIF municipal, Susana de la Torre Arg\u00fcelles.<\/p>\n","protected":false},"excerpt":{"rendered":"<div class=\"mh-excerpt\"><p>Preocupada por la juventud jerezana en el marco de las actividades del D\u00eda Nacional para la Prevenci\u00f3n del Embarazo no Planificado en Adolescentes, la administraci\u00f3n <a class=\"mh-excerpt-more\" href=\"https:\/\/raicesjerezanas.com\/?p=2147\" title=\"ORIENTAN A J\u00d3VENES JEREZANOS A PREVENIR EMBARAZOS NO PLANIFICADOS\">&#8230;<\/a><\/p>\n<\/div>","protected":false},"author":1,"featured_media":2148,"comment_status":"closed","ping_status":"closed","sticky":false,"template":"","format":"standard","meta":{"footnotes":""},"categories":[],"tags":[],"class_list":["post-2147","post","type-post","status-publish","format-standard","has-post-thumbnail","hentry"],"_links":{"self":[{"href":"https:\/\/raicesjerezanas.com\/index.php?rest_route=\/wp\/v2\/posts\/2147","targetHints":{"allow":["GET"]}}],"collection":[{"href":"https:\/\/raicesjerezanas.com\/index.php?rest_route=\/wp\/v2\/posts"}],"about":[{"href":"https:\/\/raicesjerezanas.com\/index.php?rest_route=\/wp\/v2\/types\/post"}],"author":[{"embeddable":true,"href":"https:\/\/raicesjerezanas.com\/index.php?rest_route=\/wp\/v2\/users\/1"}],"replies":[{"embeddable":true,"href":"https:\/\/raicesjerezanas.com\/index.php?rest_route=%2Fwp%2Fv2%2Fcomments&post=2147"}],"version-history":[{"count":0,"href":"https:\/\/raicesjerezanas.com\/index.php?rest_route=\/wp\/v2\/posts\/2147\/revisions"}],"wp:featuredmedia":[{"embeddable":true,"href":"https:\/\/raicesjerezanas.com\/index.php?rest_route=\/wp\/v2\/media\/2148"}],"wp:attachment":[{"href":"https:\/\/raicesjerezanas.com\/index.php?rest_route=%2Fwp%2Fv2%2Fmedia&parent=2147"}],"wp:term":[{"taxonomy":"category","embeddable":true,"href":"https:\/\/raicesjerezanas.com\/index.php?rest_route=%2Fwp%2Fv2%2Fcategories&post=2147"},{"taxonomy":"post_tag","embeddable":true,"href":"https:\/\/raicesjerezanas.com\/index.php?rest_route=%2Fwp%2Fv2%2Ftags&post=2147"}],"curies":[{"name":"wp","href":"https:\/\/api.w.org\/{rel}","templated":true}]}}