{"id":2149,"date":"2019-09-11T16:17:03","date_gmt":"2019-09-11T21:17:03","guid":{"rendered":"https:\/\/raicesjerezanas.com\/?p=2149"},"modified":"2019-09-12T16:19:48","modified_gmt":"2019-09-12T21:19:48","slug":"dif-municipal-brinda-atencion-medica","status":"publish","type":"post","link":"https:\/\/raicesjerezanas.com\/?p=2149","title":{"rendered":"DIF MUNICIPAL BRINDA ATENCI\u00d3N M\u00c9DICA"},"content":{"rendered":"<p>El DIF Municipal a trav\u00e9s de la Jefatura Operativa y la de Salud llevaron al Centro de desarrollo comunitario CDC el Molino, consultas m\u00e9dicas.<\/p>\n<p>Nayeli \u00c1lvarez Haro, Presidenta Honoraria del DIF, comprometida con el sector salud y con toda la ciudadan\u00eda que m\u00e1s lo necesita, coment\u00f3 que el programa de salud se llevar\u00e1 a los dem\u00e1s CDC en el municipio en pr\u00f3ximas fechas.<\/p>\n<p>Con ello se dar\u00e1 el beneficio en las las colonias m\u00e1s vulnerables de la municipalidad.<\/p>\n<p>El m\u00e9dico General del DIF Municipal, Daniel Iv\u00e1n Aguirre, asisti\u00f3 la ma\u00f1ana de hoy a otorgar consultas generales a personas que lo solicitaron, adem\u00e1s se otorg\u00f3 el medicamento que requiri\u00f3 el paciente.<\/p>\n<p>La finalidad del proyecto es acercar a las colonias m\u00e1s vulnerables los servicios de salud que ofrece el gobierno municipal, las consultas m\u00e9dicas tienen un costo simb\u00f3lico de 10 pesos.<\/p>\n","protected":false},"excerpt":{"rendered":"<div class=\"mh-excerpt\"><p>El DIF Municipal a trav\u00e9s de la Jefatura Operativa y la de Salud llevaron al Centro de desarrollo comunitario CDC el Molino, consultas m\u00e9dicas. Nayeli <a class=\"mh-excerpt-more\" href=\"https:\/\/raicesjerezanas.com\/?p=2149\" title=\"DIF MUNICIPAL BRINDA ATENCI\u00d3N M\u00c9DICA\">&#8230;<\/a><\/p>\n<\/div>","protected":false},"author":1,"featured_media":2150,"comment_status":"closed","ping_status":"closed","sticky":false,"template":"","format":"standard","meta":{"footnotes":""},"categories":[],"tags":[],"class_list":["post-2149","post","type-post","status-publish","format-standard","has-post-thumbnail","hentry"],"_links":{"self":[{"href":"https:\/\/raicesjerezanas.com\/index.php?rest_route=\/wp\/v2\/posts\/2149","targetHints":{"allow":["GET"]}}],"collection":[{"href":"https:\/\/raicesjerezanas.com\/index.php?rest_route=\/wp\/v2\/posts"}],"about":[{"href":"https:\/\/raicesjerezanas.com\/index.php?rest_route=\/wp\/v2\/types\/post"}],"author":[{"embeddable":true,"href":"https:\/\/raicesjerezanas.com\/index.php?rest_route=\/wp\/v2\/users\/1"}],"replies":[{"embeddable":true,"href":"https:\/\/raicesjerezanas.com\/index.php?rest_route=%2Fwp%2Fv2%2Fcomments&post=2149"}],"version-history":[{"count":0,"href":"https:\/\/raicesjerezanas.com\/index.php?rest_route=\/wp\/v2\/posts\/2149\/revisions"}],"wp:featuredmedia":[{"embeddable":true,"href":"https:\/\/raicesjerezanas.com\/index.php?rest_route=\/wp\/v2\/media\/2150"}],"wp:attachment":[{"href":"https:\/\/raicesjerezanas.com\/index.php?rest_route=%2Fwp%2Fv2%2Fmedia&parent=2149"}],"wp:term":[{"taxonomy":"category","embeddable":true,"href":"https:\/\/raicesjerezanas.com\/index.php?rest_route=%2Fwp%2Fv2%2Fcategories&post=2149"},{"taxonomy":"post_tag","embeddable":true,"href":"https:\/\/raicesjerezanas.com\/index.php?rest_route=%2Fwp%2Fv2%2Ftags&post=2149"}],"curies":[{"name":"wp","href":"https:\/\/api.w.org\/{rel}","templated":true}]}}