{"id":2151,"date":"2019-09-12T20:38:48","date_gmt":"2019-09-13T01:38:48","guid":{"rendered":"https:\/\/raicesjerezanas.com\/?p=2151"},"modified":"2019-09-13T20:51:02","modified_gmt":"2019-09-14T01:51:02","slug":"inicia-proyecto-de-modernizacion-de-areas-recreativas-infantiles-en-jerez","status":"publish","type":"post","link":"https:\/\/raicesjerezanas.com\/?p=2151","title":{"rendered":"INICIA PROYECTO DE MODERNIZACI\u00d3N DE \u00c1REAS RECREATIVAS INFANTILES EN JEREZ"},"content":{"rendered":"<p>El Presidente Municipal, Antonio Aceves S\u00e1nchez y la Diputada Local Emma Lisset L\u00f3pez Murillo, entregaron un juego infantil modular para uso p\u00fablico, ubicado en las inmediaciones del parque Alameda Garc\u00eda Salinas.<\/p>\n<p>Con la instalaci\u00f3n del juego infantil da inicio el proyecto de modernizaci\u00f3n de \u00e1reas recreativas para los ni\u00f1os en el municipio de Jerez y se extender\u00e1 a las comunidades con la colocaci\u00f3n de por lo menos 12 m\u00e1s.<\/p>\n<p>Aceves S\u00e1nchez coment\u00f3 que son juegos de buena calidad, seguros, tienen garant\u00eda por 25 a\u00f1os de uso y son amigables con el medio ambiente.<\/p>\n<p>Agradeci\u00f3 la inversi\u00f3n para el proyecto, el cual es de 2 millones de pesos, recursos gestionados por la legisladora jerezana ante el Gobierno Estatal.<\/p>\n<p>Agreg\u00f3 que como padres de familia se debe inculcar a los ni\u00f1os que sean responsables y cuiden los juegos, \u00abporque es aqu\u00ed donde los mantendremos entretenidos sanamente y sabemos que es un lugar seguro\u00bb.<\/p>\n<p>La Diputada se\u00f1al\u00f3 que est\u00e1 comprometida con la ni\u00f1ez jerezana porque desea que tengan la posibilidad de pasar tardes m\u00e1s amenas y recreativas, con el fin de fomentar los valores familiares.<\/p>\n<p>Agreg\u00f3 que buscar\u00e1 en todo momento gestionar m\u00e1s recursos para que la ni\u00f1ez tenga mejores condiciones de sano esparcimiento.<\/p>\n<p>El juego tiene capacidad para 25 ni\u00f1os de hasta 12 a\u00f1os de edad, cuenta con 4 resbaladillas, un tobog\u00e1n y un \u00e1rea para escalar; est\u00e1 fabricado con acero galvanizado y pl\u00e1stico rotomoldeado libre de mantenimiento y no se decolora de por vida. Tambi\u00e9n tiene superficie antiderrapante para prevenir accidentes.<\/p>\n<p>Al evento tambi\u00e9n asistieron la Presidenta Honoraria del DIF Municipal, Nayeli \u00c1lvarez Haro y el Director de Obras y Servicios P\u00fablicos, Jos\u00e9 \u00c1ngel Flores Guti\u00e9rrez.<\/p>\n","protected":false},"excerpt":{"rendered":"<div class=\"mh-excerpt\"><p>El Presidente Municipal, Antonio Aceves S\u00e1nchez y la Diputada Local Emma Lisset L\u00f3pez Murillo, entregaron un juego infantil modular para uso p\u00fablico, ubicado en las <a class=\"mh-excerpt-more\" href=\"https:\/\/raicesjerezanas.com\/?p=2151\" title=\"INICIA PROYECTO DE MODERNIZACI\u00d3N DE \u00c1REAS RECREATIVAS INFANTILES EN JEREZ\">&#8230;<\/a><\/p>\n<\/div>","protected":false},"author":1,"featured_media":2152,"comment_status":"closed","ping_status":"closed","sticky":false,"template":"","format":"standard","meta":{"footnotes":""},"categories":[],"tags":[],"class_list":["post-2151","post","type-post","status-publish","format-standard","has-post-thumbnail","hentry"],"_links":{"self":[{"href":"https:\/\/raicesjerezanas.com\/index.php?rest_route=\/wp\/v2\/posts\/2151","targetHints":{"allow":["GET"]}}],"collection":[{"href":"https:\/\/raicesjerezanas.com\/index.php?rest_route=\/wp\/v2\/posts"}],"about":[{"href":"https:\/\/raicesjerezanas.com\/index.php?rest_route=\/wp\/v2\/types\/post"}],"author":[{"embeddable":true,"href":"https:\/\/raicesjerezanas.com\/index.php?rest_route=\/wp\/v2\/users\/1"}],"replies":[{"embeddable":true,"href":"https:\/\/raicesjerezanas.com\/index.php?rest_route=%2Fwp%2Fv2%2Fcomments&post=2151"}],"version-history":[{"count":0,"href":"https:\/\/raicesjerezanas.com\/index.php?rest_route=\/wp\/v2\/posts\/2151\/revisions"}],"wp:featuredmedia":[{"embeddable":true,"href":"https:\/\/raicesjerezanas.com\/index.php?rest_route=\/wp\/v2\/media\/2152"}],"wp:attachment":[{"href":"https:\/\/raicesjerezanas.com\/index.php?rest_route=%2Fwp%2Fv2%2Fmedia&parent=2151"}],"wp:term":[{"taxonomy":"category","embeddable":true,"href":"https:\/\/raicesjerezanas.com\/index.php?rest_route=%2Fwp%2Fv2%2Fcategories&post=2151"},{"taxonomy":"post_tag","embeddable":true,"href":"https:\/\/raicesjerezanas.com\/index.php?rest_route=%2Fwp%2Fv2%2Ftags&post=2151"}],"curies":[{"name":"wp","href":"https:\/\/api.w.org\/{rel}","templated":true}]}}