{"id":2155,"date":"2019-09-13T20:56:51","date_gmt":"2019-09-14T01:56:51","guid":{"rendered":"https:\/\/raicesjerezanas.com\/?p=2155"},"modified":"2019-09-13T20:56:51","modified_gmt":"2019-09-14T01:56:51","slug":"continua-dif-cuidando-la-salud-de-las-comunidades","status":"publish","type":"post","link":"https:\/\/raicesjerezanas.com\/?p=2155","title":{"rendered":"CONTIN\u00daA DIF CUIDANDO LA SALUD DE LAS COMUNIDADES"},"content":{"rendered":"<p>Al realizar la Feria de Salud n\u00famero 28 en comunidades, el DIF Municipal y su presidenta honor\u00edfica Nayeli \u00c1lvarez Haro, reafirman su compromiso de atender de forma m\u00e1s cercana a los sectores m\u00e1s vulnerables y garantizarles los servicios prioritarios.<\/p>\n<p>En esta ocasi\u00f3n toc\u00f3 turno a los habitantes de El Tambor, de ser beneficiados de manera gratuita e inmediata con los servicios de salud que brinda el sistema familiar.<\/p>\n<p>En el m\u00f3dulo instalado en la localidad, personas de 5 a 65 a\u00f1os de edad accedieron a consultas de medicina general, nutrici\u00f3n y odontolog\u00eda.<\/p>\n<p>En \u00e9stas se les brindaron chequeos de presi\u00f3n arterial y glucosa, revisi\u00f3n de salud bucodental, verificaci\u00f3n de masa corporal y h\u00e1bitos alimenticios, adem\u00e1s de donaci\u00f3n de medicamentos.<\/p>\n<p>Hasta el momento el DIF ha realizado tanto en la zona urbana como rural 38 Ferias de Salud, con la posibilidad de ampliar a futuro los servicios que se brindan dentro de ellas para incluir otras \u00e1reas del organismo ofreciendo as\u00ed una gama m\u00e1s amplia de resoluciones a las necesidades de la poblaci\u00f3n.<\/p>\n","protected":false},"excerpt":{"rendered":"<div class=\"mh-excerpt\"><p>Al realizar la Feria de Salud n\u00famero 28 en comunidades, el DIF Municipal y su presidenta honor\u00edfica Nayeli \u00c1lvarez Haro, reafirman su compromiso de atender <a class=\"mh-excerpt-more\" href=\"https:\/\/raicesjerezanas.com\/?p=2155\" title=\"CONTIN\u00daA DIF CUIDANDO LA SALUD DE LAS COMUNIDADES\">&#8230;<\/a><\/p>\n<\/div>","protected":false},"author":1,"featured_media":2156,"comment_status":"closed","ping_status":"closed","sticky":false,"template":"","format":"standard","meta":{"footnotes":""},"categories":[],"tags":[],"class_list":["post-2155","post","type-post","status-publish","format-standard","has-post-thumbnail","hentry"],"_links":{"self":[{"href":"https:\/\/raicesjerezanas.com\/index.php?rest_route=\/wp\/v2\/posts\/2155","targetHints":{"allow":["GET"]}}],"collection":[{"href":"https:\/\/raicesjerezanas.com\/index.php?rest_route=\/wp\/v2\/posts"}],"about":[{"href":"https:\/\/raicesjerezanas.com\/index.php?rest_route=\/wp\/v2\/types\/post"}],"author":[{"embeddable":true,"href":"https:\/\/raicesjerezanas.com\/index.php?rest_route=\/wp\/v2\/users\/1"}],"replies":[{"embeddable":true,"href":"https:\/\/raicesjerezanas.com\/index.php?rest_route=%2Fwp%2Fv2%2Fcomments&post=2155"}],"version-history":[{"count":0,"href":"https:\/\/raicesjerezanas.com\/index.php?rest_route=\/wp\/v2\/posts\/2155\/revisions"}],"wp:featuredmedia":[{"embeddable":true,"href":"https:\/\/raicesjerezanas.com\/index.php?rest_route=\/wp\/v2\/media\/2156"}],"wp:attachment":[{"href":"https:\/\/raicesjerezanas.com\/index.php?rest_route=%2Fwp%2Fv2%2Fmedia&parent=2155"}],"wp:term":[{"taxonomy":"category","embeddable":true,"href":"https:\/\/raicesjerezanas.com\/index.php?rest_route=%2Fwp%2Fv2%2Fcategories&post=2155"},{"taxonomy":"post_tag","embeddable":true,"href":"https:\/\/raicesjerezanas.com\/index.php?rest_route=%2Fwp%2Fv2%2Ftags&post=2155"}],"curies":[{"name":"wp","href":"https:\/\/api.w.org\/{rel}","templated":true}]}}