{"id":2157,"date":"2019-09-13T21:00:36","date_gmt":"2019-09-14T02:00:36","guid":{"rendered":"https:\/\/raicesjerezanas.com\/?p=2157"},"modified":"2019-09-13T21:00:36","modified_gmt":"2019-09-14T02:00:36","slug":"organizan-operativo-de-seguridad-para-festejos-patrios","status":"publish","type":"post","link":"https:\/\/raicesjerezanas.com\/?p=2157","title":{"rendered":"ORGANIZAN OPERATIVO DE SEGURIDAD PARA FESTEJOS PATRIOS"},"content":{"rendered":"<p>El Gobierno Municipal que encabeza Antonio Aceves S\u00e1nchez, tiene listo el operativo de seguridad para resguardar el bienestar de la poblaci\u00f3n durante los pr\u00f3ximos festejos patrios.<\/p>\n<p>M\u00e1s de 100 efectivos de seguridad de nivel Federal, estatal y municipal, garantizar\u00e1n la tranquilidad de los asistentes a los eventos masivos que se prepararon con motivo del Grito de Independencia.<\/p>\n<p>El Secretario de Gobierno Municipal Liborio Carrillo Castro, coment\u00f3 que tambi\u00e9n en com\u00fan acuerdo con la Guardia Nacional (GN) y el 53 Batall\u00f3n de Infanter\u00eda, se trabajar\u00e1 para mantener el orden al igual que Protecci\u00f3n Civil Municipal, que instalar\u00e1 puntos estrat\u00e9gicos en los alrededores del jard\u00edn Rafael P\u00e1ez para brindar atenci\u00f3n a cualquier persona que solicite apoyo debido a las aglomeraciones.<\/p>\n<p>Para la noche mexicana el Ayuntamiento prepar\u00f3 una velada a partir de las 11:00 de la noche en la Plaza Principal con las presentaciones de El Primo Manolo y sus Rieleros del Norte, M\u00e1xima Guardia y Fano Gaxiola.<\/p>\n","protected":false},"excerpt":{"rendered":"<div class=\"mh-excerpt\"><p>El Gobierno Municipal que encabeza Antonio Aceves S\u00e1nchez, tiene listo el operativo de seguridad para resguardar el bienestar de la poblaci\u00f3n durante los pr\u00f3ximos festejos <a class=\"mh-excerpt-more\" href=\"https:\/\/raicesjerezanas.com\/?p=2157\" title=\"ORGANIZAN OPERATIVO DE SEGURIDAD PARA FESTEJOS PATRIOS\">&#8230;<\/a><\/p>\n<\/div>","protected":false},"author":1,"featured_media":2158,"comment_status":"closed","ping_status":"closed","sticky":false,"template":"","format":"standard","meta":{"footnotes":""},"categories":[],"tags":[],"class_list":["post-2157","post","type-post","status-publish","format-standard","has-post-thumbnail","hentry"],"_links":{"self":[{"href":"https:\/\/raicesjerezanas.com\/index.php?rest_route=\/wp\/v2\/posts\/2157","targetHints":{"allow":["GET"]}}],"collection":[{"href":"https:\/\/raicesjerezanas.com\/index.php?rest_route=\/wp\/v2\/posts"}],"about":[{"href":"https:\/\/raicesjerezanas.com\/index.php?rest_route=\/wp\/v2\/types\/post"}],"author":[{"embeddable":true,"href":"https:\/\/raicesjerezanas.com\/index.php?rest_route=\/wp\/v2\/users\/1"}],"replies":[{"embeddable":true,"href":"https:\/\/raicesjerezanas.com\/index.php?rest_route=%2Fwp%2Fv2%2Fcomments&post=2157"}],"version-history":[{"count":0,"href":"https:\/\/raicesjerezanas.com\/index.php?rest_route=\/wp\/v2\/posts\/2157\/revisions"}],"wp:featuredmedia":[{"embeddable":true,"href":"https:\/\/raicesjerezanas.com\/index.php?rest_route=\/wp\/v2\/media\/2158"}],"wp:attachment":[{"href":"https:\/\/raicesjerezanas.com\/index.php?rest_route=%2Fwp%2Fv2%2Fmedia&parent=2157"}],"wp:term":[{"taxonomy":"category","embeddable":true,"href":"https:\/\/raicesjerezanas.com\/index.php?rest_route=%2Fwp%2Fv2%2Fcategories&post=2157"},{"taxonomy":"post_tag","embeddable":true,"href":"https:\/\/raicesjerezanas.com\/index.php?rest_route=%2Fwp%2Fv2%2Ftags&post=2157"}],"curies":[{"name":"wp","href":"https:\/\/api.w.org\/{rel}","templated":true}]}}