{"id":2160,"date":"2019-09-15T14:38:14","date_gmt":"2019-09-15T19:38:14","guid":{"rendered":"https:\/\/raicesjerezanas.com\/?p=2160"},"modified":"2019-09-15T14:38:14","modified_gmt":"2019-09-15T19:38:14","slug":"antonio-aceves-sanchez-rinde-su-primer-informe-de-gobierno","status":"publish","type":"post","link":"https:\/\/raicesjerezanas.com\/?p=2160","title":{"rendered":"ANTONIO ACEVES S\u00c1NCHEZ RINDE SU PRIMER INFORME DE GOBIERNO"},"content":{"rendered":"<p><strong>En su primer a\u00f1o de labores, se consolid\u00f3 un gobierno ciudadano y cercano a la gente<\/strong><\/p>\n<p>Con escenario en el majestuoso teatro Hinojosa, Antonio Aceves S\u00e1nchez rindi\u00f3 su primer Informe de Gobierno donde destac\u00f3 los significativos avances en el campo, la educaci\u00f3n y el deporte, adem\u00e1s del desarrollo econ\u00f3mico y social de los jerezanos.<\/p>\n<p>Ante la presencia del Gobernador del Estado Alejandro Tello, el alcalde afirm\u00f3 que el Ayuntamiento 2018-2021 continuar\u00e1 de la mano de la sociedad, que con su participaci\u00f3n desde los distintos sectores, es el motor vivo del desarrollo municipal.<\/p>\n<p>Despu\u00e9s de entregar su informe por escrito en Sesi\u00f3n Solemne al Honorable Cabildo, asegur\u00f3 que las acciones promovidas durante el primer a\u00f1o permitieron consolidar una administraci\u00f3n transparente y abierta, ya que \u201cahora la sociedad gobierna con nosotros\u201d.<\/p>\n<p>De los primeros 12 meses de labores, expres\u00f3, se sientan las bases del gobierno para lograr los grandes objetivos del 2020, por lo que pidi\u00f3 nuevamente la confianza de los jerezanos.<\/p>\n<p>Reconoci\u00f3 la importancia que representa la diversidad de ideas y llam\u00f3 a no hablar bien o mal del gobierno sino \u201chablar de lo que nos hace ser un gran Pueblo M\u00e1gico, el m\u00e1s alegre de M\u00e9xico, porque hablar mal de Jerez significa frenar nuestro propio crecimiento\u201d.<\/p>\n<p>Agradeci\u00f3 al Gobernador por el respaldo en distintos proyectos, y aprovech\u00f3 la oportunidad para solicitarle su acompa\u00f1amiento en la consolidaci\u00f3n del Relleno Sanitario, ya que es una de las necesidades m\u00e1s sensibles y urgentes de las familias.<\/p>\n<p>\u201cEn Jerez hay equipo\u201d, garantiz\u00f3 Alejandro Tello, y reconoci\u00f3 en el alcalde a una persona honesta, pulcra, innovadora, creativa y un hombre de familia que le aporta de manera importante al progreso de Jerez.<\/p>\n<p>Adem\u00e1s de felicitarlo por los resultados de su primer a\u00f1o de gesti\u00f3n, se comprometi\u00f3 a ponerse la camiseta de Jerez, por lo que apoyar\u00e1 al presupuesto 2020 para que el Relleno Sanitario sea una realidad.<\/p>\n<p>Aceves S\u00e1nchez agradeci\u00f3 la asistencia de funcionarios federales, estatales, municipales, asociaciones civiles y de la sociedad en general, con quienes se comprometi\u00f3 a continuar con la construcci\u00f3n de un gobierno en el que la gente conf\u00ede, y para el que har\u00e1 los cambios necesarios para m\u00e1s y mejores resultados.<\/p>\n","protected":false},"excerpt":{"rendered":"<div class=\"mh-excerpt\"><p>En su primer a\u00f1o de labores, se consolid\u00f3 un gobierno ciudadano y cercano a la gente Con escenario en el majestuoso teatro Hinojosa, Antonio Aceves <a class=\"mh-excerpt-more\" href=\"https:\/\/raicesjerezanas.com\/?p=2160\" title=\"ANTONIO ACEVES S\u00c1NCHEZ RINDE SU PRIMER INFORME DE GOBIERNO\">&#8230;<\/a><\/p>\n<\/div>","protected":false},"author":1,"featured_media":2161,"comment_status":"closed","ping_status":"closed","sticky":false,"template":"","format":"standard","meta":{"footnotes":""},"categories":[],"tags":[],"class_list":["post-2160","post","type-post","status-publish","format-standard","has-post-thumbnail","hentry"],"_links":{"self":[{"href":"https:\/\/raicesjerezanas.com\/index.php?rest_route=\/wp\/v2\/posts\/2160","targetHints":{"allow":["GET"]}}],"collection":[{"href":"https:\/\/raicesjerezanas.com\/index.php?rest_route=\/wp\/v2\/posts"}],"about":[{"href":"https:\/\/raicesjerezanas.com\/index.php?rest_route=\/wp\/v2\/types\/post"}],"author":[{"embeddable":true,"href":"https:\/\/raicesjerezanas.com\/index.php?rest_route=\/wp\/v2\/users\/1"}],"replies":[{"embeddable":true,"href":"https:\/\/raicesjerezanas.com\/index.php?rest_route=%2Fwp%2Fv2%2Fcomments&post=2160"}],"version-history":[{"count":0,"href":"https:\/\/raicesjerezanas.com\/index.php?rest_route=\/wp\/v2\/posts\/2160\/revisions"}],"wp:featuredmedia":[{"embeddable":true,"href":"https:\/\/raicesjerezanas.com\/index.php?rest_route=\/wp\/v2\/media\/2161"}],"wp:attachment":[{"href":"https:\/\/raicesjerezanas.com\/index.php?rest_route=%2Fwp%2Fv2%2Fmedia&parent=2160"}],"wp:term":[{"taxonomy":"category","embeddable":true,"href":"https:\/\/raicesjerezanas.com\/index.php?rest_route=%2Fwp%2Fv2%2Fcategories&post=2160"},{"taxonomy":"post_tag","embeddable":true,"href":"https:\/\/raicesjerezanas.com\/index.php?rest_route=%2Fwp%2Fv2%2Ftags&post=2160"}],"curies":[{"name":"wp","href":"https:\/\/api.w.org\/{rel}","templated":true}]}}