{"id":2165,"date":"2019-09-15T22:57:31","date_gmt":"2019-09-16T03:57:31","guid":{"rendered":"https:\/\/raicesjerezanas.com\/?p=2165"},"modified":"2019-09-17T18:01:21","modified_gmt":"2019-09-17T23:01:21","slug":"familias-jerezanas-conmemoran-el-209-aniversario-del-grito-de-independencia","status":"publish","type":"post","link":"https:\/\/raicesjerezanas.com\/?p=2165","title":{"rendered":"FAMILIAS JEREZANAS CONMEMORAN EL 209 ANIVERSARIO DEL GRITO DE INDEPENDENCIA"},"content":{"rendered":"<p>El municipio de Jerez celebr\u00f3 una gran noche mexicana con el grito de independencia encabezado por el Presidente Municipal, Antonio Aceves S\u00e1nchez.<\/p>\n<p>Miles de personas y autoridades del Ayuntamiento 2018-2021 se dieron cita en la Plaza Principal para realizar el acto c\u00edvico patri\u00f3tico con el que se conmemoraron los 209 a\u00f1os de la guerra de Independencia.<\/p>\n<p>En punto de las 11 de la noche, el alcalde son\u00f3 la campana, onde\u00f3 la Bandera Nacional y grit\u00f3 13 vivas, en honor a los h\u00e9roes que nos dieron libertad.<\/p>\n<p>En el acto tambi\u00e9n particip\u00f3 la escolta y banda de guerra de la Preparatoria Francisco Garc\u00eda Salinas.<\/p>\n<p>Posteriormente los asistentes presenciaron el tradicional espect\u00e1culo pirot\u00e9cnico acompa\u00f1ado por m\u00fasica de mariachi.<\/p>\n<p>Durante la celebraci\u00f3n, los jerezanos disfrutaron de un nutrido elenco musical integrado por Los Caporales de Jerez, M\u00e1xima Guardia de Luis Olague,<br \/>\nFano Gaxiola, El primo Manolo y sus Rieleros, y la presentaci\u00f3n de la Academia de Danza de Jackie Ultreras.<\/p>\n<p>El evento estuvo resguardado por elementos de la Direcci\u00f3n de Seguridad P\u00fablica Municipal (DSPM) y la Coordinaci\u00f3n de Protecci\u00f3n Civil para procurar el orden y la tranquilidad de los asistentes.<\/p>\n","protected":false},"excerpt":{"rendered":"<div class=\"mh-excerpt\"><p>El municipio de Jerez celebr\u00f3 una gran noche mexicana con el grito de independencia encabezado por el Presidente Municipal, Antonio Aceves S\u00e1nchez. Miles de personas <a class=\"mh-excerpt-more\" href=\"https:\/\/raicesjerezanas.com\/?p=2165\" title=\"FAMILIAS JEREZANAS CONMEMORAN EL 209 ANIVERSARIO DEL GRITO DE INDEPENDENCIA\">&#8230;<\/a><\/p>\n<\/div>","protected":false},"author":1,"featured_media":2166,"comment_status":"closed","ping_status":"closed","sticky":false,"template":"","format":"standard","meta":{"footnotes":""},"categories":[],"tags":[],"class_list":["post-2165","post","type-post","status-publish","format-standard","has-post-thumbnail","hentry"],"_links":{"self":[{"href":"https:\/\/raicesjerezanas.com\/index.php?rest_route=\/wp\/v2\/posts\/2165","targetHints":{"allow":["GET"]}}],"collection":[{"href":"https:\/\/raicesjerezanas.com\/index.php?rest_route=\/wp\/v2\/posts"}],"about":[{"href":"https:\/\/raicesjerezanas.com\/index.php?rest_route=\/wp\/v2\/types\/post"}],"author":[{"embeddable":true,"href":"https:\/\/raicesjerezanas.com\/index.php?rest_route=\/wp\/v2\/users\/1"}],"replies":[{"embeddable":true,"href":"https:\/\/raicesjerezanas.com\/index.php?rest_route=%2Fwp%2Fv2%2Fcomments&post=2165"}],"version-history":[{"count":0,"href":"https:\/\/raicesjerezanas.com\/index.php?rest_route=\/wp\/v2\/posts\/2165\/revisions"}],"wp:featuredmedia":[{"embeddable":true,"href":"https:\/\/raicesjerezanas.com\/index.php?rest_route=\/wp\/v2\/media\/2166"}],"wp:attachment":[{"href":"https:\/\/raicesjerezanas.com\/index.php?rest_route=%2Fwp%2Fv2%2Fmedia&parent=2165"}],"wp:term":[{"taxonomy":"category","embeddable":true,"href":"https:\/\/raicesjerezanas.com\/index.php?rest_route=%2Fwp%2Fv2%2Fcategories&post=2165"},{"taxonomy":"post_tag","embeddable":true,"href":"https:\/\/raicesjerezanas.com\/index.php?rest_route=%2Fwp%2Fv2%2Ftags&post=2165"}],"curies":[{"name":"wp","href":"https:\/\/api.w.org\/{rel}","templated":true}]}}