{"id":2167,"date":"2019-09-16T18:01:32","date_gmt":"2019-09-16T23:01:32","guid":{"rendered":"https:\/\/raicesjerezanas.com\/?p=2167"},"modified":"2019-09-17T18:52:36","modified_gmt":"2019-09-17T23:52:36","slug":"conmemoran-la-independencia-con-actos-de-fortalecimiento-civico","status":"publish","type":"post","link":"https:\/\/raicesjerezanas.com\/?p=2167","title":{"rendered":"CONMEMORAN LA INDEPENDENCIA CON ACTOS DE FORTALECIMIENTO C\u00cdVICO"},"content":{"rendered":"<p>El Presidente Municipal Antonio Aceves S\u00e1nchez, encabez\u00f3 los actos oficiales conmemorativos del 209 aniversario del inicio de la Independencia de M\u00e9xico.<\/p>\n<p>Conmemorando el movimiento por un pa\u00eds independiente de 1810, Aceves S\u00e1nchez inst\u00f3 a los jerezanos a seguir luchando por mantener nuestras garant\u00edas, salvaguardar la identidad y la conservaci\u00f3n de los valores.<\/p>\n<p>Resalt\u00f3 la importancia de identificar nuestras causas, de cuidar los derechos de los ni\u00f1os, j\u00f3venes y grupos vulnerables; a su vez conmin\u00f3 a trabajar sociedad y gobierno de todos los niveles y colores para hacer el bien como muchos h\u00e9roes an\u00f3nimos que viven al servicio de los dem\u00e1s.<\/p>\n<p>Izando la bandera en la plaza Tacuba y avenida Suave Patria, el alcalde dio continuidad a los eventos alusivos a la fecha, acompa\u00f1ado por funcionarios, autoridades educativas y personal del Sindicato \u00danico de Trabajadores al Servicio del Estado, Municipio y Organismos Paraestatales (SUTSEMOP).<\/p>\n<p>M\u00e1s tarde en jard\u00edn Hidalgo se desarroll\u00f3 el acto c\u00edvico con la participacion de las escuelas primarias Ignacio Zaragoza, Francisco Garc\u00eda Salinas y las secundarias Ram\u00f3n L\u00f3pez Velarde, Constituyentes de 1910, Francisco Garc\u00eda Salinas y el Ballet Folcl\u00f3rico Eduardo \u00c1vila S\u00e1nchez.<\/p>\n","protected":false},"excerpt":{"rendered":"<div class=\"mh-excerpt\"><p>El Presidente Municipal Antonio Aceves S\u00e1nchez, encabez\u00f3 los actos oficiales conmemorativos del 209 aniversario del inicio de la Independencia de M\u00e9xico. Conmemorando el movimiento por <a class=\"mh-excerpt-more\" href=\"https:\/\/raicesjerezanas.com\/?p=2167\" title=\"CONMEMORAN LA INDEPENDENCIA CON ACTOS DE FORTALECIMIENTO C\u00cdVICO\">&#8230;<\/a><\/p>\n<\/div>","protected":false},"author":1,"featured_media":2168,"comment_status":"closed","ping_status":"closed","sticky":false,"template":"","format":"standard","meta":{"footnotes":""},"categories":[],"tags":[],"class_list":["post-2167","post","type-post","status-publish","format-standard","has-post-thumbnail","hentry"],"_links":{"self":[{"href":"https:\/\/raicesjerezanas.com\/index.php?rest_route=\/wp\/v2\/posts\/2167","targetHints":{"allow":["GET"]}}],"collection":[{"href":"https:\/\/raicesjerezanas.com\/index.php?rest_route=\/wp\/v2\/posts"}],"about":[{"href":"https:\/\/raicesjerezanas.com\/index.php?rest_route=\/wp\/v2\/types\/post"}],"author":[{"embeddable":true,"href":"https:\/\/raicesjerezanas.com\/index.php?rest_route=\/wp\/v2\/users\/1"}],"replies":[{"embeddable":true,"href":"https:\/\/raicesjerezanas.com\/index.php?rest_route=%2Fwp%2Fv2%2Fcomments&post=2167"}],"version-history":[{"count":0,"href":"https:\/\/raicesjerezanas.com\/index.php?rest_route=\/wp\/v2\/posts\/2167\/revisions"}],"wp:featuredmedia":[{"embeddable":true,"href":"https:\/\/raicesjerezanas.com\/index.php?rest_route=\/wp\/v2\/media\/2168"}],"wp:attachment":[{"href":"https:\/\/raicesjerezanas.com\/index.php?rest_route=%2Fwp%2Fv2%2Fmedia&parent=2167"}],"wp:term":[{"taxonomy":"category","embeddable":true,"href":"https:\/\/raicesjerezanas.com\/index.php?rest_route=%2Fwp%2Fv2%2Fcategories&post=2167"},{"taxonomy":"post_tag","embeddable":true,"href":"https:\/\/raicesjerezanas.com\/index.php?rest_route=%2Fwp%2Fv2%2Ftags&post=2167"}],"curies":[{"name":"wp","href":"https:\/\/api.w.org\/{rel}","templated":true}]}}