{"id":2170,"date":"2019-09-17T18:55:11","date_gmt":"2019-09-17T23:55:11","guid":{"rendered":"https:\/\/raicesjerezanas.com\/?p=2170"},"modified":"2019-09-17T18:55:11","modified_gmt":"2019-09-17T23:55:11","slug":"donan-protesis-mamarias-a-mujeres-que-han-padecido-cancer","status":"publish","type":"post","link":"https:\/\/raicesjerezanas.com\/?p=2170","title":{"rendered":"DONAN PROT\u00c9SIS MAMARIAS A MUJERES QUE HAN PADECIDO C\u00c1NCER"},"content":{"rendered":"<p>El DIF Municipal encabezado por Nayeli \u00c1lvarez Haro, se uni\u00f3 a la Fundaci\u00f3n Isidro L\u00f3pez (ISLO) para donar pr\u00f3tesis mamarias a 14 mujeres que han sufrido amputaciones por c\u00e1ncer.<\/p>\n<p>El compromiso del sistema familiar de apoyar la salud de los jerezanos tanto con prevenci\u00f3n como con superaci\u00f3n de las enfermedades, ha quedado de manifiesto a trav\u00e9s de diversas acciones y campa\u00f1as emprendidas.<\/p>\n<p>En este caso, se busca respaldar a quienes padecen o han padecido c\u00e1ncer, uno de los padecimientos m\u00e1s graves y desgastantes tanto para las v\u00edctimas como para sus familiares.<\/p>\n<p>Por ello a trav\u00e9s de su Jefatura de Salud, el DIF Municipal facilit\u00f3 el traslado de seis beneficiarias a la ciudad de Zacatecas donde fueron medidas para adquirir las pr\u00f3tesis que necesitan y que ser\u00e1n entregadas a mediados de octubre.<\/p>\n<p>De manera particular, el apoyo podr\u00eda costarles alrededor de 4 mil pesos. En este caso ser\u00e1 gratuito y adem\u00e1s recibir\u00e1n un sost\u00e9n especial.<\/p>\n","protected":false},"excerpt":{"rendered":"<div class=\"mh-excerpt\"><p>El DIF Municipal encabezado por Nayeli \u00c1lvarez Haro, se uni\u00f3 a la Fundaci\u00f3n Isidro L\u00f3pez (ISLO) para donar pr\u00f3tesis mamarias a 14 mujeres que han <a class=\"mh-excerpt-more\" href=\"https:\/\/raicesjerezanas.com\/?p=2170\" title=\"DONAN PROT\u00c9SIS MAMARIAS A MUJERES QUE HAN PADECIDO C\u00c1NCER\">&#8230;<\/a><\/p>\n<\/div>","protected":false},"author":1,"featured_media":2171,"comment_status":"closed","ping_status":"closed","sticky":false,"template":"","format":"standard","meta":{"footnotes":""},"categories":[],"tags":[],"class_list":["post-2170","post","type-post","status-publish","format-standard","has-post-thumbnail","hentry"],"_links":{"self":[{"href":"https:\/\/raicesjerezanas.com\/index.php?rest_route=\/wp\/v2\/posts\/2170","targetHints":{"allow":["GET"]}}],"collection":[{"href":"https:\/\/raicesjerezanas.com\/index.php?rest_route=\/wp\/v2\/posts"}],"about":[{"href":"https:\/\/raicesjerezanas.com\/index.php?rest_route=\/wp\/v2\/types\/post"}],"author":[{"embeddable":true,"href":"https:\/\/raicesjerezanas.com\/index.php?rest_route=\/wp\/v2\/users\/1"}],"replies":[{"embeddable":true,"href":"https:\/\/raicesjerezanas.com\/index.php?rest_route=%2Fwp%2Fv2%2Fcomments&post=2170"}],"version-history":[{"count":0,"href":"https:\/\/raicesjerezanas.com\/index.php?rest_route=\/wp\/v2\/posts\/2170\/revisions"}],"wp:featuredmedia":[{"embeddable":true,"href":"https:\/\/raicesjerezanas.com\/index.php?rest_route=\/wp\/v2\/media\/2171"}],"wp:attachment":[{"href":"https:\/\/raicesjerezanas.com\/index.php?rest_route=%2Fwp%2Fv2%2Fmedia&parent=2170"}],"wp:term":[{"taxonomy":"category","embeddable":true,"href":"https:\/\/raicesjerezanas.com\/index.php?rest_route=%2Fwp%2Fv2%2Fcategories&post=2170"},{"taxonomy":"post_tag","embeddable":true,"href":"https:\/\/raicesjerezanas.com\/index.php?rest_route=%2Fwp%2Fv2%2Ftags&post=2170"}],"curies":[{"name":"wp","href":"https:\/\/api.w.org\/{rel}","templated":true}]}}