{"id":2176,"date":"2019-09-18T18:48:45","date_gmt":"2019-09-18T23:48:45","guid":{"rendered":"https:\/\/raicesjerezanas.com\/?p=2176"},"modified":"2019-09-18T18:48:45","modified_gmt":"2019-09-18T23:48:45","slug":"reanuda-actividades-el-espacio-del-agua","status":"publish","type":"post","link":"https:\/\/raicesjerezanas.com\/?p=2176","title":{"rendered":"REANUDA ACTIVIDADES EL ESPACIO DEL AGUA"},"content":{"rendered":"<p>Con el ciclo escolar que reci\u00e9n inicia, se actualiz\u00f3 el calendario de visitas de grupos de preescolar y primaria al Espacio del Agua en el Sistema Municipal de Agua Potable y Alcantarillado de Jerez (SIMAPAJ), con el objetivo de fomentar en los ni\u00f1os la cultura de cuidado del vital l\u00edquido.<\/p>\n<p>La din\u00e1mica involucra hasta tres grupos por d\u00eda en distintos horarios, que acuden con sus maestros para participar en actividades durante cinco visitas.<\/p>\n<p>La primera se basa en aspectos generales, la segunda en la importancia del agua en el cuerpo, la siguiente contempla un recorrido por el Pozo 4 donde se ubica la potabilizadora y concluyen con un resumen de los conocimientos adquiridos.<\/p>\n<p>Las primeras instituciones en participar son las primarias Ram\u00f3n L\u00f3pez Velarde, Lic. Benito Ju\u00e1rez, Guillermo Prieto; los Jardines de Ni\u00f1os Rosaura Zapata, Suave Patria, Francisco Larroyo, Gabriela Mistral y el CENDI.<\/p>\n<p>Las actividades se ven complementadas con la charla informativa para adultos que se realiza todos los viernes, dirigidas a personas con antecedentes de multas por desperdicio, a quienes se les invita a generar conciencia en el buen uso del servicio de agua potable.<\/p>\n","protected":false},"excerpt":{"rendered":"<div class=\"mh-excerpt\"><p>Con el ciclo escolar que reci\u00e9n inicia, se actualiz\u00f3 el calendario de visitas de grupos de preescolar y primaria al Espacio del Agua en el <a class=\"mh-excerpt-more\" href=\"https:\/\/raicesjerezanas.com\/?p=2176\" title=\"REANUDA ACTIVIDADES EL ESPACIO DEL AGUA\">&#8230;<\/a><\/p>\n<\/div>","protected":false},"author":1,"featured_media":2177,"comment_status":"closed","ping_status":"closed","sticky":false,"template":"","format":"standard","meta":{"footnotes":""},"categories":[],"tags":[],"class_list":["post-2176","post","type-post","status-publish","format-standard","has-post-thumbnail","hentry"],"_links":{"self":[{"href":"https:\/\/raicesjerezanas.com\/index.php?rest_route=\/wp\/v2\/posts\/2176","targetHints":{"allow":["GET"]}}],"collection":[{"href":"https:\/\/raicesjerezanas.com\/index.php?rest_route=\/wp\/v2\/posts"}],"about":[{"href":"https:\/\/raicesjerezanas.com\/index.php?rest_route=\/wp\/v2\/types\/post"}],"author":[{"embeddable":true,"href":"https:\/\/raicesjerezanas.com\/index.php?rest_route=\/wp\/v2\/users\/1"}],"replies":[{"embeddable":true,"href":"https:\/\/raicesjerezanas.com\/index.php?rest_route=%2Fwp%2Fv2%2Fcomments&post=2176"}],"version-history":[{"count":0,"href":"https:\/\/raicesjerezanas.com\/index.php?rest_route=\/wp\/v2\/posts\/2176\/revisions"}],"wp:featuredmedia":[{"embeddable":true,"href":"https:\/\/raicesjerezanas.com\/index.php?rest_route=\/wp\/v2\/media\/2177"}],"wp:attachment":[{"href":"https:\/\/raicesjerezanas.com\/index.php?rest_route=%2Fwp%2Fv2%2Fmedia&parent=2176"}],"wp:term":[{"taxonomy":"category","embeddable":true,"href":"https:\/\/raicesjerezanas.com\/index.php?rest_route=%2Fwp%2Fv2%2Fcategories&post=2176"},{"taxonomy":"post_tag","embeddable":true,"href":"https:\/\/raicesjerezanas.com\/index.php?rest_route=%2Fwp%2Fv2%2Ftags&post=2176"}],"curies":[{"name":"wp","href":"https:\/\/api.w.org\/{rel}","templated":true}]}}