{"id":2183,"date":"2019-09-19T16:07:10","date_gmt":"2019-09-19T21:07:10","guid":{"rendered":"https:\/\/raicesjerezanas.com\/?p=2183"},"modified":"2019-09-19T16:07:10","modified_gmt":"2019-09-19T21:07:10","slug":"equipan-comedor-comunitario-del-club-de-leones-jerez-lopez-velarde","status":"publish","type":"post","link":"https:\/\/raicesjerezanas.com\/?p=2183","title":{"rendered":"EQUIPAN COMEDOR COMUNITARIO DEL CLUB DE LEONES JEREZ L\u00d3PEZ VELARDE"},"content":{"rendered":"<p>El Presidente Municipal Antonio Aceves S\u00e1nchez acudi\u00f3 a la entrega de equipamiento a la cocina del Club de Leones Jerez L\u00f3pez Velarde, a cargo de Clubes Migrantes y el Sistema DIF Estatal (SEDIF) que encabeza Cristina Rodr\u00edguez.<\/p>\n<p>Aceves S\u00e1nchez reafirm\u00f3 que en \u00e9l tienen un aliado para atender las necesidades alimentarias de adultos mayores y menores en estado de riesgo, adem\u00e1s de contar con la participaci\u00f3n ciudadana que de forma hist\u00f3rica se ha sumado a su gobierno, inspirado en asociaciones como el Club de Leones que emprende causas a favor del bienestar social.<\/p>\n<p>\u201cNuestros compromisos son sus compromisos y nuestra voluntad se suma a la suya\u201d,expres\u00f3, reconociendo los esfuerzos que desde su administraci\u00f3n ha ofrecido con proyectos y pol\u00edticas p\u00fablicas que se han delineado a trav\u00e9s del DIF Municipal presidido por Nayeli \u00c1lvarez Haro.<\/p>\n<p>Por su parte Cristina Rodr\u00edguez agradeci\u00f3 a todos qui\u00e9nes participaron en la gesti\u00f3n de los 200 mil pesos necesarios para equipar el Comedor Comunitario, misma que estuvo respaldada por el Gobernador Alejandro Tello y la Federaci\u00f3n.<\/p>\n<p>Jos\u00e9 Luis Medina, presidente del Club de Leones Jerez L\u00f3pez Velarde, declar\u00f3 que la entrega fue un testimonio de que en unidad y equipo se logran grandes aportaciones para los sectores desprotegidos, y a la ve reconoci\u00f3 la vocaci\u00f3n de servicio de las autoridades presentes.<\/p>\n<p>\u00c1ngel Quintero, l\u00edder de clubes migrantes, asegur\u00f3 que los paisanos seguir\u00e1n mostrando la voluntad que tienen de trabajar en favor de los jerezanos.<\/p>\n<p>El Comedor, ubicado en el bulevar salida a Fresnillo, tendr\u00e1 la capacidad de atender a 100 personas que habitan en colonias vulnerables aleda\u00f1as, con desayunos nutritivos y gratuitos todos los d\u00edas.<\/p>\n<p>El equipamiento de alta calidad se compone de mesas, sillas, licuadoras y ollas industriales, vajilla, purificador de agua, refrigerador y parrillas, entre otros.<\/p>\n","protected":false},"excerpt":{"rendered":"<div class=\"mh-excerpt\"><p>El Presidente Municipal Antonio Aceves S\u00e1nchez acudi\u00f3 a la entrega de equipamiento a la cocina del Club de Leones Jerez L\u00f3pez Velarde, a cargo de <a class=\"mh-excerpt-more\" href=\"https:\/\/raicesjerezanas.com\/?p=2183\" title=\"EQUIPAN COMEDOR COMUNITARIO DEL CLUB DE LEONES JEREZ L\u00d3PEZ VELARDE\">&#8230;<\/a><\/p>\n<\/div>","protected":false},"author":1,"featured_media":2184,"comment_status":"closed","ping_status":"closed","sticky":false,"template":"","format":"standard","meta":{"footnotes":""},"categories":[],"tags":[],"class_list":["post-2183","post","type-post","status-publish","format-standard","has-post-thumbnail","hentry"],"_links":{"self":[{"href":"https:\/\/raicesjerezanas.com\/index.php?rest_route=\/wp\/v2\/posts\/2183","targetHints":{"allow":["GET"]}}],"collection":[{"href":"https:\/\/raicesjerezanas.com\/index.php?rest_route=\/wp\/v2\/posts"}],"about":[{"href":"https:\/\/raicesjerezanas.com\/index.php?rest_route=\/wp\/v2\/types\/post"}],"author":[{"embeddable":true,"href":"https:\/\/raicesjerezanas.com\/index.php?rest_route=\/wp\/v2\/users\/1"}],"replies":[{"embeddable":true,"href":"https:\/\/raicesjerezanas.com\/index.php?rest_route=%2Fwp%2Fv2%2Fcomments&post=2183"}],"version-history":[{"count":0,"href":"https:\/\/raicesjerezanas.com\/index.php?rest_route=\/wp\/v2\/posts\/2183\/revisions"}],"wp:featuredmedia":[{"embeddable":true,"href":"https:\/\/raicesjerezanas.com\/index.php?rest_route=\/wp\/v2\/media\/2184"}],"wp:attachment":[{"href":"https:\/\/raicesjerezanas.com\/index.php?rest_route=%2Fwp%2Fv2%2Fmedia&parent=2183"}],"wp:term":[{"taxonomy":"category","embeddable":true,"href":"https:\/\/raicesjerezanas.com\/index.php?rest_route=%2Fwp%2Fv2%2Fcategories&post=2183"},{"taxonomy":"post_tag","embeddable":true,"href":"https:\/\/raicesjerezanas.com\/index.php?rest_route=%2Fwp%2Fv2%2Ftags&post=2183"}],"curies":[{"name":"wp","href":"https:\/\/api.w.org\/{rel}","templated":true}]}}