{"id":2185,"date":"2019-09-19T16:12:02","date_gmt":"2019-09-19T21:12:02","guid":{"rendered":"https:\/\/raicesjerezanas.com\/?p=2185"},"modified":"2019-09-19T16:12:02","modified_gmt":"2019-09-19T21:12:02","slug":"benefician-a-ninos-y-adolescentes-con-becas-de-trabajo-infantil","status":"publish","type":"post","link":"https:\/\/raicesjerezanas.com\/?p=2185","title":{"rendered":"BENEFICIAN A NI\u00d1OS Y ADOLESCENTES CON BECAS DE TRABAJO INFANTIL"},"content":{"rendered":"<p>El DIF Municipal de Jerez entreg\u00f3 20 becas gestionadas ante el Sistema DIF Estatal (SEDIF) en el Programa de Trabajo Infantil.<\/p>\n<p>El apoyo destinado a ni\u00f1os y j\u00f3venes es de mil 700 pesos mensuales que tienen la finalidad de impulsarlos a concluir sus estudios.<\/p>\n<p>Brenda Rivas, enlace municipal, precis\u00f3 que el cometido de la Presidenta Honor\u00edfica Nayeli \u00c1lvarez Haro, es dar seguimiento a cada caso con sesiones mensuales para padres e hijos tambi\u00e9n en el cometido de disminuir la deserci\u00f3n escolar a trav\u00e9s de la uni\u00f3n de lazos familiares.<\/p>\n<p>\u00c1lvarez Haro recibi\u00f3 a los beneficiarios a su llegada y los felicit\u00f3 por su empe\u00f1o en inter\u00e9s en recibir al apoyo, adem\u00e1s de reiterarles su compromiso con impulsar su desarrollo personal, familiar y social para que tengan un mejor futuro.<\/p>\n","protected":false},"excerpt":{"rendered":"<div class=\"mh-excerpt\"><p>El DIF Municipal de Jerez entreg\u00f3 20 becas gestionadas ante el Sistema DIF Estatal (SEDIF) en el Programa de Trabajo Infantil. El apoyo destinado a <a class=\"mh-excerpt-more\" href=\"https:\/\/raicesjerezanas.com\/?p=2185\" title=\"BENEFICIAN A NI\u00d1OS Y ADOLESCENTES CON BECAS DE TRABAJO INFANTIL\">&#8230;<\/a><\/p>\n<\/div>","protected":false},"author":1,"featured_media":2186,"comment_status":"closed","ping_status":"closed","sticky":false,"template":"","format":"standard","meta":{"footnotes":""},"categories":[],"tags":[],"class_list":["post-2185","post","type-post","status-publish","format-standard","has-post-thumbnail","hentry"],"_links":{"self":[{"href":"https:\/\/raicesjerezanas.com\/index.php?rest_route=\/wp\/v2\/posts\/2185","targetHints":{"allow":["GET"]}}],"collection":[{"href":"https:\/\/raicesjerezanas.com\/index.php?rest_route=\/wp\/v2\/posts"}],"about":[{"href":"https:\/\/raicesjerezanas.com\/index.php?rest_route=\/wp\/v2\/types\/post"}],"author":[{"embeddable":true,"href":"https:\/\/raicesjerezanas.com\/index.php?rest_route=\/wp\/v2\/users\/1"}],"replies":[{"embeddable":true,"href":"https:\/\/raicesjerezanas.com\/index.php?rest_route=%2Fwp%2Fv2%2Fcomments&post=2185"}],"version-history":[{"count":0,"href":"https:\/\/raicesjerezanas.com\/index.php?rest_route=\/wp\/v2\/posts\/2185\/revisions"}],"wp:featuredmedia":[{"embeddable":true,"href":"https:\/\/raicesjerezanas.com\/index.php?rest_route=\/wp\/v2\/media\/2186"}],"wp:attachment":[{"href":"https:\/\/raicesjerezanas.com\/index.php?rest_route=%2Fwp%2Fv2%2Fmedia&parent=2185"}],"wp:term":[{"taxonomy":"category","embeddable":true,"href":"https:\/\/raicesjerezanas.com\/index.php?rest_route=%2Fwp%2Fv2%2Fcategories&post=2185"},{"taxonomy":"post_tag","embeddable":true,"href":"https:\/\/raicesjerezanas.com\/index.php?rest_route=%2Fwp%2Fv2%2Ftags&post=2185"}],"curies":[{"name":"wp","href":"https:\/\/api.w.org\/{rel}","templated":true}]}}