{"id":2192,"date":"2019-09-20T17:50:29","date_gmt":"2019-09-20T22:50:29","guid":{"rendered":"https:\/\/raicesjerezanas.com\/?p=2192"},"modified":"2019-09-23T18:07:00","modified_gmt":"2019-09-23T23:07:00","slug":"ayuntamiento-de-jerez-conviene-con-la-sne-a-favor-del-autoempleo","status":"publish","type":"post","link":"https:\/\/raicesjerezanas.com\/?p=2192","title":{"rendered":"AYUNTAMIENTO DE JEREZ CONVIENE CON LA SNE A FAVOR DEL AUTOEMPLEO"},"content":{"rendered":"<p>El Presidente Municipal Antonio Aceves S\u00e1nchez firm\u00f3 un convenio de colaboraci\u00f3n con el Gobierno del Estado de Zacatecas a trav\u00e9s del Servicio Nacional de Empleo (SNE), en una mezcla de recursos de un mill\u00f3n de pesos a favor del autoempleo.<\/p>\n<p>Preocupado porque los jerezanos fortalezcan su econom\u00eda, el Gobierno Municipal aportar\u00e1 500 mil pesos destinados a capacitaci\u00f3n, proyectos de fomento al autoempleo y productivos, para abonar al fortalecimiento de la econom\u00eda de las familias.<\/p>\n<p>La inversi\u00f3n bipartita con la SNE que lidera Cliserio del Real, permitir\u00e1 instalar 10 talleres con cupo para 25 personas. En total se espera brindar apoyo a 20 proyectos en la municipalidad.<\/p>\n<p>Deber\u00e1n estar enfocados a la prestaci\u00f3n de servicios para fortalecer la imagen de Jerez como Pueblo M\u00e1gico en cuanto a hoteler\u00eda y artesan\u00edas, entre otras ramas. La convocatoria se dar\u00e1 a conocer en pr\u00f3ximas semanas para que los interesados accedan a tal beneficio.<\/p>\n","protected":false},"excerpt":{"rendered":"<div class=\"mh-excerpt\"><p>El Presidente Municipal Antonio Aceves S\u00e1nchez firm\u00f3 un convenio de colaboraci\u00f3n con el Gobierno del Estado de Zacatecas a trav\u00e9s del Servicio Nacional de Empleo <a class=\"mh-excerpt-more\" href=\"https:\/\/raicesjerezanas.com\/?p=2192\" title=\"AYUNTAMIENTO DE JEREZ CONVIENE CON LA SNE A FAVOR DEL AUTOEMPLEO\">&#8230;<\/a><\/p>\n<\/div>","protected":false},"author":1,"featured_media":2193,"comment_status":"closed","ping_status":"closed","sticky":false,"template":"","format":"standard","meta":{"footnotes":""},"categories":[],"tags":[],"class_list":["post-2192","post","type-post","status-publish","format-standard","has-post-thumbnail","hentry"],"_links":{"self":[{"href":"https:\/\/raicesjerezanas.com\/index.php?rest_route=\/wp\/v2\/posts\/2192","targetHints":{"allow":["GET"]}}],"collection":[{"href":"https:\/\/raicesjerezanas.com\/index.php?rest_route=\/wp\/v2\/posts"}],"about":[{"href":"https:\/\/raicesjerezanas.com\/index.php?rest_route=\/wp\/v2\/types\/post"}],"author":[{"embeddable":true,"href":"https:\/\/raicesjerezanas.com\/index.php?rest_route=\/wp\/v2\/users\/1"}],"replies":[{"embeddable":true,"href":"https:\/\/raicesjerezanas.com\/index.php?rest_route=%2Fwp%2Fv2%2Fcomments&post=2192"}],"version-history":[{"count":0,"href":"https:\/\/raicesjerezanas.com\/index.php?rest_route=\/wp\/v2\/posts\/2192\/revisions"}],"wp:featuredmedia":[{"embeddable":true,"href":"https:\/\/raicesjerezanas.com\/index.php?rest_route=\/wp\/v2\/media\/2193"}],"wp:attachment":[{"href":"https:\/\/raicesjerezanas.com\/index.php?rest_route=%2Fwp%2Fv2%2Fmedia&parent=2192"}],"wp:term":[{"taxonomy":"category","embeddable":true,"href":"https:\/\/raicesjerezanas.com\/index.php?rest_route=%2Fwp%2Fv2%2Fcategories&post=2192"},{"taxonomy":"post_tag","embeddable":true,"href":"https:\/\/raicesjerezanas.com\/index.php?rest_route=%2Fwp%2Fv2%2Ftags&post=2192"}],"curies":[{"name":"wp","href":"https:\/\/api.w.org\/{rel}","templated":true}]}}