{"id":2200,"date":"2019-09-25T19:58:23","date_gmt":"2019-09-26T00:58:23","guid":{"rendered":"https:\/\/raicesjerezanas.com\/?p=2200"},"modified":"2019-09-25T19:58:23","modified_gmt":"2019-09-26T00:58:23","slug":"mejoran-atencion-de-la-sre-con-donacion-de-silla-de-ruedas","status":"publish","type":"post","link":"https:\/\/raicesjerezanas.com\/?p=2200","title":{"rendered":"MEJORAN ATENCI\u00d3N DE LA SRE CON DONACI\u00d3N DE SILLA DE RUEDAS"},"content":{"rendered":"<p>Con la donaci\u00f3n de una silla de ruedas por parte de la C\u00e1mara Nacional de Comercio (CANACO) de Jerez, la oficina de enlace con la Secretar\u00eda de Relaciones Exteriores (SRE) mejora su servicio al p\u00fablico.<\/p>\n<p>Personas con discapacidad y de la tercera edad que acuden para diversos tr\u00e1mites, ahora podr\u00e1n acceder a una atenci\u00f3n incluyente y de calidad durante su estancia en el inmueble.<\/p>\n<p>El Secretario de Gobierno Liborio Carrillo Castro, expres\u00f3 que la apuesta de Antonio Aceves S\u00e1nchez est\u00e1 orientada al esfuerzo conjunto entre sociedad y gobierno como clave para lograr importantes beneficios para todos los jerezanos.<\/p>\n<p>Destac\u00f3 la voluntad altruista de diversas instancias que colaboran de manera directa con el Ayuntamiento, misma que se ha reflejado en el bienestar de ls gente en distintos \u00e1mbitos.<\/p>\n<p>Fernando S\u00e1nchez Jaramillo, Presidente de la CANACO, acompa\u00f1ado por Juan Miguel Ibarra Garc\u00eda y Moner Valdez Sabag, integrantes de la Mesa Directiva, reconoci\u00f3 a los comercios afiliados por su participaci\u00f3n en la compra del aparato funcional.<\/p>\n<p>Asegur\u00f3 que todos son ciudadanos comprometidos con su entorno, dispuestos a coadyuvar para respaldar a quienes m\u00e1s lo necesitan.<\/p>\n<p>Con la silla de ruedas se facilitar\u00e1 el desplazamiento por las instalaciones del lugar a quienes por condiciones f\u00edsicas o mentales se vean obstaculizados para hacerlo.<\/p>\n","protected":false},"excerpt":{"rendered":"<div class=\"mh-excerpt\"><p>Con la donaci\u00f3n de una silla de ruedas por parte de la C\u00e1mara Nacional de Comercio (CANACO) de Jerez, la oficina de enlace con la <a class=\"mh-excerpt-more\" href=\"https:\/\/raicesjerezanas.com\/?p=2200\" title=\"MEJORAN ATENCI\u00d3N DE LA SRE CON DONACI\u00d3N DE SILLA DE RUEDAS\">&#8230;<\/a><\/p>\n<\/div>","protected":false},"author":1,"featured_media":2201,"comment_status":"closed","ping_status":"closed","sticky":false,"template":"","format":"standard","meta":{"footnotes":""},"categories":[],"tags":[],"class_list":["post-2200","post","type-post","status-publish","format-standard","has-post-thumbnail","hentry"],"_links":{"self":[{"href":"https:\/\/raicesjerezanas.com\/index.php?rest_route=\/wp\/v2\/posts\/2200","targetHints":{"allow":["GET"]}}],"collection":[{"href":"https:\/\/raicesjerezanas.com\/index.php?rest_route=\/wp\/v2\/posts"}],"about":[{"href":"https:\/\/raicesjerezanas.com\/index.php?rest_route=\/wp\/v2\/types\/post"}],"author":[{"embeddable":true,"href":"https:\/\/raicesjerezanas.com\/index.php?rest_route=\/wp\/v2\/users\/1"}],"replies":[{"embeddable":true,"href":"https:\/\/raicesjerezanas.com\/index.php?rest_route=%2Fwp%2Fv2%2Fcomments&post=2200"}],"version-history":[{"count":0,"href":"https:\/\/raicesjerezanas.com\/index.php?rest_route=\/wp\/v2\/posts\/2200\/revisions"}],"wp:featuredmedia":[{"embeddable":true,"href":"https:\/\/raicesjerezanas.com\/index.php?rest_route=\/wp\/v2\/media\/2201"}],"wp:attachment":[{"href":"https:\/\/raicesjerezanas.com\/index.php?rest_route=%2Fwp%2Fv2%2Fmedia&parent=2200"}],"wp:term":[{"taxonomy":"category","embeddable":true,"href":"https:\/\/raicesjerezanas.com\/index.php?rest_route=%2Fwp%2Fv2%2Fcategories&post=2200"},{"taxonomy":"post_tag","embeddable":true,"href":"https:\/\/raicesjerezanas.com\/index.php?rest_route=%2Fwp%2Fv2%2Ftags&post=2200"}],"curies":[{"name":"wp","href":"https:\/\/api.w.org\/{rel}","templated":true}]}}