{"id":2204,"date":"2019-09-24T20:06:51","date_gmt":"2019-09-25T01:06:51","guid":{"rendered":"https:\/\/raicesjerezanas.com\/?p=2204"},"modified":"2019-09-25T20:50:53","modified_gmt":"2019-09-26T01:50:53","slug":"cetis-114-se-suma-a-estrategia-de-prevencion-de-embarazos-no-deseados","status":"publish","type":"post","link":"https:\/\/raicesjerezanas.com\/?p=2204","title":{"rendered":"CETIS 114 SE SUMA A ESTRATEGIA DE PREVENCI\u00d3N DE EMBARAZOS NO DESEADOS"},"content":{"rendered":"<p>En continuidad a las estrategias de prevenci\u00f3n de embarazos en adolescentes, la Presidenta Honorifica del DIF Municipal, Nayeli \u00c1lvarez Haro, encabez\u00f3 las actividades celebradas en el CETIS 114.<\/p>\n<p>Ante la comunidad estudiantil, \u00c1lvarez Haro coment\u00f3 la importancia de llevar pl\u00e1ticas para prevenir y concientizar a los j\u00f3venes sobre sexualidad.<\/p>\n<p>Reconoci\u00f3 la disponibilidad y facilidades de autoridades educativas para lograr el objetivo, adem\u00e1s de la participaci\u00f3n de los alumnos por su inter\u00e9s.<\/p>\n<p>Al conversatorio tambi\u00e9n asisti\u00f3 la Directora del Instituto de la Mujer Jerezana (INMUJE) Griselda Salcedo Ibarra, quien aprovech\u00f3 la oportunidad para invitar a los presentes a la obra de teatro Todo a su tiempo, que se realizar\u00e1 este jueves 26 de septiembre a las 9 de la ma\u00f1ana en el teatro Hinojosa.<\/p>\n","protected":false},"excerpt":{"rendered":"<div class=\"mh-excerpt\"><p>En continuidad a las estrategias de prevenci\u00f3n de embarazos en adolescentes, la Presidenta Honorifica del DIF Municipal, Nayeli \u00c1lvarez Haro, encabez\u00f3 las actividades celebradas en <a class=\"mh-excerpt-more\" href=\"https:\/\/raicesjerezanas.com\/?p=2204\" title=\"CETIS 114 SE SUMA A ESTRATEGIA DE PREVENCI\u00d3N DE EMBARAZOS NO DESEADOS\">&#8230;<\/a><\/p>\n<\/div>","protected":false},"author":1,"featured_media":2205,"comment_status":"closed","ping_status":"closed","sticky":false,"template":"","format":"standard","meta":{"footnotes":""},"categories":[],"tags":[],"class_list":["post-2204","post","type-post","status-publish","format-standard","has-post-thumbnail","hentry"],"_links":{"self":[{"href":"https:\/\/raicesjerezanas.com\/index.php?rest_route=\/wp\/v2\/posts\/2204","targetHints":{"allow":["GET"]}}],"collection":[{"href":"https:\/\/raicesjerezanas.com\/index.php?rest_route=\/wp\/v2\/posts"}],"about":[{"href":"https:\/\/raicesjerezanas.com\/index.php?rest_route=\/wp\/v2\/types\/post"}],"author":[{"embeddable":true,"href":"https:\/\/raicesjerezanas.com\/index.php?rest_route=\/wp\/v2\/users\/1"}],"replies":[{"embeddable":true,"href":"https:\/\/raicesjerezanas.com\/index.php?rest_route=%2Fwp%2Fv2%2Fcomments&post=2204"}],"version-history":[{"count":0,"href":"https:\/\/raicesjerezanas.com\/index.php?rest_route=\/wp\/v2\/posts\/2204\/revisions"}],"wp:featuredmedia":[{"embeddable":true,"href":"https:\/\/raicesjerezanas.com\/index.php?rest_route=\/wp\/v2\/media\/2205"}],"wp:attachment":[{"href":"https:\/\/raicesjerezanas.com\/index.php?rest_route=%2Fwp%2Fv2%2Fmedia&parent=2204"}],"wp:term":[{"taxonomy":"category","embeddable":true,"href":"https:\/\/raicesjerezanas.com\/index.php?rest_route=%2Fwp%2Fv2%2Fcategories&post=2204"},{"taxonomy":"post_tag","embeddable":true,"href":"https:\/\/raicesjerezanas.com\/index.php?rest_route=%2Fwp%2Fv2%2Ftags&post=2204"}],"curies":[{"name":"wp","href":"https:\/\/api.w.org\/{rel}","templated":true}]}}