{"id":2208,"date":"2019-09-26T20:36:52","date_gmt":"2019-09-27T01:36:52","guid":{"rendered":"https:\/\/raicesjerezanas.com\/?p=2208"},"modified":"2019-09-27T20:44:35","modified_gmt":"2019-09-28T01:44:35","slug":"la-casa-de-la-pinata-recibe-reconocimiento-de-la-ruta-manos-magicas","status":"publish","type":"post","link":"https:\/\/raicesjerezanas.com\/?p=2208","title":{"rendered":"LA CASA DE LA PI\u00d1ATA RECIBE RECONOCIMIENTO DE LA RUTA MANOS M\u00c1GICAS"},"content":{"rendered":"<p>El Presidente Municipal Antonio Aceves S\u00e1nchez, reconoci\u00f3 a Patricia Correa Mart\u00ednez con la s\u00e9ptima entrega de la Ruta Manos M\u00e1gicas, que impulsa y promueve la vocaci\u00f3n artesanal de Jerez.<\/p>\n<p>Con admiraci\u00f3n a su digna labor, el alcalde felicit\u00f3 la trayectoria de la homenajeada y la invit\u00f3 a continuar con su legado art\u00edstico y el fortalecimiento de sus l\u00edneas de comercializaci\u00f3n que ya le permitieron exportar su trabajo a Estados Unidos y Espa\u00f1a.<\/p>\n<p>Por su trayectoria de 17 a\u00f1os y con el esfuerzo de varias generaciones, La Casa de la Pi\u00f1ata se convirti\u00f3 en un referente de alegr\u00eda y diversi\u00f3n para muchas familias jerezanas que adquieren piezas \u00fanicas para distintas ocasiones.<\/p>\n<p>Patricia se dijo agradecida por la distinci\u00f3n, ya que adem\u00e1s de ser un sustento econ\u00f3mico, elaborar pi\u00f1atas le ha permitido mantenerse firme en su lucha contra el c\u00e1ncer con la canalizaci\u00f3n de su energ\u00eda en la creatividad. As\u00ed, agradeci\u00f3 a sus clientes ya que dijo, cada una de sus sonrisas de satisfacci\u00f3n la motivan a continuar.<\/p>\n<p>En el evento estuvieron presentes Conrado Guzm\u00e1n de la Subsecretar\u00eda de Desarrollo Artesanal del Gobierno del Estado, la Presidenta Honor\u00edfica del DIF Municipal Nayeli \u00c1lvarez Haro, Alba Dena Pereyra, Jefa del Departamento de Turismo y organizadora del evento, adem\u00e1s de los Regidores Rutilio Carrera y Roc\u00edo S\u00e1nchez.<\/p>\n","protected":false},"excerpt":{"rendered":"<div class=\"mh-excerpt\"><p>El Presidente Municipal Antonio Aceves S\u00e1nchez, reconoci\u00f3 a Patricia Correa Mart\u00ednez con la s\u00e9ptima entrega de la Ruta Manos M\u00e1gicas, que impulsa y promueve la <a class=\"mh-excerpt-more\" href=\"https:\/\/raicesjerezanas.com\/?p=2208\" title=\"LA CASA DE LA PI\u00d1ATA RECIBE RECONOCIMIENTO DE LA RUTA MANOS M\u00c1GICAS\">&#8230;<\/a><\/p>\n<\/div>","protected":false},"author":1,"featured_media":2209,"comment_status":"closed","ping_status":"closed","sticky":false,"template":"","format":"standard","meta":{"footnotes":""},"categories":[],"tags":[],"class_list":["post-2208","post","type-post","status-publish","format-standard","has-post-thumbnail","hentry"],"_links":{"self":[{"href":"https:\/\/raicesjerezanas.com\/index.php?rest_route=\/wp\/v2\/posts\/2208","targetHints":{"allow":["GET"]}}],"collection":[{"href":"https:\/\/raicesjerezanas.com\/index.php?rest_route=\/wp\/v2\/posts"}],"about":[{"href":"https:\/\/raicesjerezanas.com\/index.php?rest_route=\/wp\/v2\/types\/post"}],"author":[{"embeddable":true,"href":"https:\/\/raicesjerezanas.com\/index.php?rest_route=\/wp\/v2\/users\/1"}],"replies":[{"embeddable":true,"href":"https:\/\/raicesjerezanas.com\/index.php?rest_route=%2Fwp%2Fv2%2Fcomments&post=2208"}],"version-history":[{"count":0,"href":"https:\/\/raicesjerezanas.com\/index.php?rest_route=\/wp\/v2\/posts\/2208\/revisions"}],"wp:featuredmedia":[{"embeddable":true,"href":"https:\/\/raicesjerezanas.com\/index.php?rest_route=\/wp\/v2\/media\/2209"}],"wp:attachment":[{"href":"https:\/\/raicesjerezanas.com\/index.php?rest_route=%2Fwp%2Fv2%2Fmedia&parent=2208"}],"wp:term":[{"taxonomy":"category","embeddable":true,"href":"https:\/\/raicesjerezanas.com\/index.php?rest_route=%2Fwp%2Fv2%2Fcategories&post=2208"},{"taxonomy":"post_tag","embeddable":true,"href":"https:\/\/raicesjerezanas.com\/index.php?rest_route=%2Fwp%2Fv2%2Ftags&post=2208"}],"curies":[{"name":"wp","href":"https:\/\/api.w.org\/{rel}","templated":true}]}}