{"id":2212,"date":"2019-09-26T20:45:05","date_gmt":"2019-09-27T01:45:05","guid":{"rendered":"https:\/\/raicesjerezanas.com\/?p=2212"},"modified":"2019-09-27T20:49:12","modified_gmt":"2019-09-28T01:49:12","slug":"inicia-campana-de-reforestacion-en-jerez","status":"publish","type":"post","link":"https:\/\/raicesjerezanas.com\/?p=2212","title":{"rendered":"INICIA CAMPA\u00d1A DE REFORESTACI\u00d3N EN JEREZ"},"content":{"rendered":"<p>El Ayuntamiento de Jerez en conjunto con la asociaci\u00f3n civil Sembrando Conciencias, puso en marcha la jornada de reforestaci\u00f3n en la calle Galeana.<\/p>\n<p>El alcalde Antonio Aceves S\u00e1nchez, destac\u00f3 la importancia de esta acci\u00f3n que se concret\u00f3 gracias a la participaci\u00f3n ciudadana, y dijo que este tipo de estrategias a favor del medio ambiente siempre encontrar\u00e1n respaldo en su gobierno.<\/p>\n<p>As\u00ed, anunci\u00f3 que la administraci\u00f3n que encabeza contempla un proyecto para distribuir bolsas biodegradables en los comercios locales, mismas que se desintegran en un plazo de un a\u00f1o, en el cometido que \u201cJerez sea un pueblo certificado y amigable con el cuidado al medio ambiente\u201d.<\/p>\n<p>En total se plantar\u00e1n 36 \u00e1rboles tipo jacaranda desde la calle Pino Su\u00e1rez hasta R\u00edo Grande sobre la Galeana. En su primera etapa se utilizar\u00e1 tecnolog\u00eda de riego profundo y se instalar\u00e1n geomembranas para que las ra\u00edces no perjudiquen fincas, calles o banquetas.<\/p>\n<p>Daniel Santoyo, representante de Sembrando Conciencias, asegur\u00f3 que hoy Jerez marca la pauta de la lucha contra el cambio clim\u00e1tico y a su vez agradeci\u00f3 a los vecinos que se comprometieron con el cuidado de las jacarandas que estar\u00e1n cerca de sus hogares.<\/p>\n<p>Al inicio de actividades acudi\u00f3 el Director de Obras y Servicios P\u00fablicos, Jos\u00e9 \u00c1ngel Flores; Sergio \u00c1vila, jefe del Departamento de Medio Ambiente y Desarrollo Sustentable; alumnos de la Secundaria Armando Cruz Palomino y ni\u00f1os del Instituto Educativo Fritz Perls.<\/p>\n","protected":false},"excerpt":{"rendered":"<div class=\"mh-excerpt\"><p>El Ayuntamiento de Jerez en conjunto con la asociaci\u00f3n civil Sembrando Conciencias, puso en marcha la jornada de reforestaci\u00f3n en la calle Galeana. El alcalde <a class=\"mh-excerpt-more\" href=\"https:\/\/raicesjerezanas.com\/?p=2212\" title=\"INICIA CAMPA\u00d1A DE REFORESTACI\u00d3N EN JEREZ\">&#8230;<\/a><\/p>\n<\/div>","protected":false},"author":1,"featured_media":2213,"comment_status":"closed","ping_status":"closed","sticky":false,"template":"","format":"standard","meta":{"footnotes":""},"categories":[],"tags":[],"class_list":["post-2212","post","type-post","status-publish","format-standard","has-post-thumbnail","hentry"],"_links":{"self":[{"href":"https:\/\/raicesjerezanas.com\/index.php?rest_route=\/wp\/v2\/posts\/2212","targetHints":{"allow":["GET"]}}],"collection":[{"href":"https:\/\/raicesjerezanas.com\/index.php?rest_route=\/wp\/v2\/posts"}],"about":[{"href":"https:\/\/raicesjerezanas.com\/index.php?rest_route=\/wp\/v2\/types\/post"}],"author":[{"embeddable":true,"href":"https:\/\/raicesjerezanas.com\/index.php?rest_route=\/wp\/v2\/users\/1"}],"replies":[{"embeddable":true,"href":"https:\/\/raicesjerezanas.com\/index.php?rest_route=%2Fwp%2Fv2%2Fcomments&post=2212"}],"version-history":[{"count":0,"href":"https:\/\/raicesjerezanas.com\/index.php?rest_route=\/wp\/v2\/posts\/2212\/revisions"}],"wp:featuredmedia":[{"embeddable":true,"href":"https:\/\/raicesjerezanas.com\/index.php?rest_route=\/wp\/v2\/media\/2213"}],"wp:attachment":[{"href":"https:\/\/raicesjerezanas.com\/index.php?rest_route=%2Fwp%2Fv2%2Fmedia&parent=2212"}],"wp:term":[{"taxonomy":"category","embeddable":true,"href":"https:\/\/raicesjerezanas.com\/index.php?rest_route=%2Fwp%2Fv2%2Fcategories&post=2212"},{"taxonomy":"post_tag","embeddable":true,"href":"https:\/\/raicesjerezanas.com\/index.php?rest_route=%2Fwp%2Fv2%2Ftags&post=2212"}],"curies":[{"name":"wp","href":"https:\/\/api.w.org\/{rel}","templated":true}]}}