{"id":2214,"date":"2019-09-27T20:55:44","date_gmt":"2019-09-28T01:55:44","guid":{"rendered":"https:\/\/raicesjerezanas.com\/?p=2214"},"modified":"2019-09-27T20:55:44","modified_gmt":"2019-09-28T01:55:44","slug":"conmemoran-en-jerez-dia-internacional-de-las-personas-privadas-de-la-libertad","status":"publish","type":"post","link":"https:\/\/raicesjerezanas.com\/?p=2214","title":{"rendered":"CONMEMORAN EN JEREZ D\u00cdA INTERNACIONAL DE LAS PERSONAS PRIVADAS DE LA LIBERTAD"},"content":{"rendered":"<p>En reconocimiento al derecho a un trato digno de todos los ciudadanos, en el Centro Penitenciario Distrital de Jerez se conmemor\u00f3 el D\u00eda Internacional de las Personas Privadas de la Libertad (PPL).<\/p>\n<p>El Gobierno Municipal presidido por Antonio Aceves S\u00e1nchez, fue parte de la organizaci\u00f3n de un importante programa cultural que fue disfrutado por 47 internos y sus familias.<\/p>\n<p>La alegr\u00eda y el asombro se reflejaron en los presentes con Talism\u00e1n, puesta en escena actuada por los PPL con la direcci\u00f3n del maestro Miguel \u00c1ngel Vega, adem\u00e1s de estampas folcl\u00f3ricas a cargo del Ballet Eduardo \u00c1vila y un concierto de trova del Instituto de la Juventud del Estado.<\/p>\n<p>Luis Rey Conde Cisneros, Director del Centro, afirm\u00f3 que las acciones emprendidas a favor de la dignidad de las personas dice mucho de una sociedad, por lo que es importante construir un sistema de justicia moderno y eficiente que logre una verdadera reinserci\u00f3n para las PPL.<\/p>\n<p>As\u00ed reconoci\u00f3 el papel que ha jugado el actual Ayuntamiento en las mejoras de infraestructura y con la promoci\u00f3n de actividades inclusivas desde el Instituto Jerezano de Cultura (IJC) que dirige Miguel \u00c1ngel Salcedo Quezada.<\/p>\n<p>El Subsecretario de Inteligencia Pol\u00edtica Criminal y Vinculaci\u00f3n Ciudadana, Jorge Cano, y la Subsecretaria de la Secretar\u00eda de Desarrollo Social (SEDESOL) Yaneth Garay, coincidieron en que la meta en materia penal son la inclusi\u00f3n social, laboral adem\u00e1s de la atenci\u00f3n a las necesidades m\u00e1s apremiantes de los internos.<\/p>\n<p>Por tal, contin\u00faa la promoci\u00f3n de estrategias para garantizar la dignidad e integridad f\u00edsica, psicol\u00f3gica y moral en sinton\u00eda con los procesos legales pertinentes, hecho que dijeron, desembocar\u00e1 en una mejor reforma personal y reintegraci\u00f3n social-familiar.<\/p>\n<p>En presencia de autoridades estatales y municipales, el Centro Penitenciario recibi\u00f3 distintos materiales de apoyo alimentario, deportivo y de asistencia social.<\/p>\n","protected":false},"excerpt":{"rendered":"<div class=\"mh-excerpt\"><p>En reconocimiento al derecho a un trato digno de todos los ciudadanos, en el Centro Penitenciario Distrital de Jerez se conmemor\u00f3 el D\u00eda Internacional de <a class=\"mh-excerpt-more\" href=\"https:\/\/raicesjerezanas.com\/?p=2214\" title=\"CONMEMORAN EN JEREZ D\u00cdA INTERNACIONAL DE LAS PERSONAS PRIVADAS DE LA LIBERTAD\">&#8230;<\/a><\/p>\n<\/div>","protected":false},"author":1,"featured_media":2215,"comment_status":"closed","ping_status":"closed","sticky":false,"template":"","format":"standard","meta":{"footnotes":""},"categories":[],"tags":[],"class_list":["post-2214","post","type-post","status-publish","format-standard","has-post-thumbnail","hentry"],"_links":{"self":[{"href":"https:\/\/raicesjerezanas.com\/index.php?rest_route=\/wp\/v2\/posts\/2214","targetHints":{"allow":["GET"]}}],"collection":[{"href":"https:\/\/raicesjerezanas.com\/index.php?rest_route=\/wp\/v2\/posts"}],"about":[{"href":"https:\/\/raicesjerezanas.com\/index.php?rest_route=\/wp\/v2\/types\/post"}],"author":[{"embeddable":true,"href":"https:\/\/raicesjerezanas.com\/index.php?rest_route=\/wp\/v2\/users\/1"}],"replies":[{"embeddable":true,"href":"https:\/\/raicesjerezanas.com\/index.php?rest_route=%2Fwp%2Fv2%2Fcomments&post=2214"}],"version-history":[{"count":0,"href":"https:\/\/raicesjerezanas.com\/index.php?rest_route=\/wp\/v2\/posts\/2214\/revisions"}],"wp:featuredmedia":[{"embeddable":true,"href":"https:\/\/raicesjerezanas.com\/index.php?rest_route=\/wp\/v2\/media\/2215"}],"wp:attachment":[{"href":"https:\/\/raicesjerezanas.com\/index.php?rest_route=%2Fwp%2Fv2%2Fmedia&parent=2214"}],"wp:term":[{"taxonomy":"category","embeddable":true,"href":"https:\/\/raicesjerezanas.com\/index.php?rest_route=%2Fwp%2Fv2%2Fcategories&post=2214"},{"taxonomy":"post_tag","embeddable":true,"href":"https:\/\/raicesjerezanas.com\/index.php?rest_route=%2Fwp%2Fv2%2Ftags&post=2214"}],"curies":[{"name":"wp","href":"https:\/\/api.w.org\/{rel}","templated":true}]}}