{"id":2218,"date":"2019-09-26T21:23:48","date_gmt":"2019-09-27T02:23:48","guid":{"rendered":"https:\/\/raicesjerezanas.com\/?p=2218"},"modified":"2019-09-27T21:26:59","modified_gmt":"2019-09-28T02:26:59","slug":"presentan-guia-para-permanencia-de-jerez-como-pueblo-magico","status":"publish","type":"post","link":"https:\/\/raicesjerezanas.com\/?p=2218","title":{"rendered":"PRESENTAN GU\u00cdA PARA PERMANENCIA DE JEREZ COMO PUEBLO M\u00c1GICO"},"content":{"rendered":"<p>A fin de trabajar en los requerimientos para la permanencia de Jerez dentro del Programa de Pueblos M\u00e1gicos, el Departamento de Turismo Municipal organiz\u00f3 una primera reuni\u00f3n para socializar su normativa y correcta aplicaci\u00f3n.<\/p>\n<p>Alba Dena Pereyra, titular del Departamento junto a Gerardo Ram\u00edrez del \u00e1rea de Pueblos M\u00e1gicos de la Secretaria de Turismo de Zacatecas (SECTURZ), destacaron que el seguimiento de reglamentos establecidos y la actualizaci\u00f3n de los mismos, permitir\u00e1n que Jerez consolide su vocaci\u00f3n tur\u00edstica con acciones como la reubicaci\u00f3n de vendedores ambulantes.<\/p>\n<p>En este primer tema, Protecci\u00f3n Civil, el Departamento de Imagen Urbana y la Direcci\u00f3n de Seguridad P\u00fablica Municipal (DSPM) ser\u00e1n los principales involucrados, sin embargo habr\u00e1n de incorporarse otros sectores sociales y diversas dependencias de la administraci\u00f3n municipal que encabeza Antonio Aceves S\u00e1nchez.<\/p>\n<p>En este sentido se organizar\u00e1n reuniones peri\u00f3dicas para generar y fortalecer estrategias que contribuyan a mantener el nombramiento.<\/p>\n<p>Participaron integrantes de la cadena productiva del municipio, el Comit\u00e9 de Pueblo M\u00e1gico, la Direcci\u00f3n de Desarrollo Econ\u00f3mico y Social, Protecci\u00f3n Civil y la DSPM.<\/p>\n","protected":false},"excerpt":{"rendered":"<div class=\"mh-excerpt\"><p>A fin de trabajar en los requerimientos para la permanencia de Jerez dentro del Programa de Pueblos M\u00e1gicos, el Departamento de Turismo Municipal organiz\u00f3 una <a class=\"mh-excerpt-more\" href=\"https:\/\/raicesjerezanas.com\/?p=2218\" title=\"PRESENTAN GU\u00cdA PARA PERMANENCIA DE JEREZ COMO PUEBLO M\u00c1GICO\">&#8230;<\/a><\/p>\n<\/div>","protected":false},"author":1,"featured_media":2219,"comment_status":"closed","ping_status":"closed","sticky":false,"template":"","format":"standard","meta":{"footnotes":""},"categories":[],"tags":[],"class_list":["post-2218","post","type-post","status-publish","format-standard","has-post-thumbnail","hentry"],"_links":{"self":[{"href":"https:\/\/raicesjerezanas.com\/index.php?rest_route=\/wp\/v2\/posts\/2218","targetHints":{"allow":["GET"]}}],"collection":[{"href":"https:\/\/raicesjerezanas.com\/index.php?rest_route=\/wp\/v2\/posts"}],"about":[{"href":"https:\/\/raicesjerezanas.com\/index.php?rest_route=\/wp\/v2\/types\/post"}],"author":[{"embeddable":true,"href":"https:\/\/raicesjerezanas.com\/index.php?rest_route=\/wp\/v2\/users\/1"}],"replies":[{"embeddable":true,"href":"https:\/\/raicesjerezanas.com\/index.php?rest_route=%2Fwp%2Fv2%2Fcomments&post=2218"}],"version-history":[{"count":0,"href":"https:\/\/raicesjerezanas.com\/index.php?rest_route=\/wp\/v2\/posts\/2218\/revisions"}],"wp:featuredmedia":[{"embeddable":true,"href":"https:\/\/raicesjerezanas.com\/index.php?rest_route=\/wp\/v2\/media\/2219"}],"wp:attachment":[{"href":"https:\/\/raicesjerezanas.com\/index.php?rest_route=%2Fwp%2Fv2%2Fmedia&parent=2218"}],"wp:term":[{"taxonomy":"category","embeddable":true,"href":"https:\/\/raicesjerezanas.com\/index.php?rest_route=%2Fwp%2Fv2%2Fcategories&post=2218"},{"taxonomy":"post_tag","embeddable":true,"href":"https:\/\/raicesjerezanas.com\/index.php?rest_route=%2Fwp%2Fv2%2Ftags&post=2218"}],"curies":[{"name":"wp","href":"https:\/\/api.w.org\/{rel}","templated":true}]}}