{"id":2222,"date":"2019-09-27T21:39:08","date_gmt":"2019-09-28T02:39:08","guid":{"rendered":"https:\/\/raicesjerezanas.com\/?p=2222"},"modified":"2019-09-27T21:39:08","modified_gmt":"2019-09-28T02:39:08","slug":"ofrecen-espectaculo-de-narracion-oral","status":"publish","type":"post","link":"https:\/\/raicesjerezanas.com\/?p=2222","title":{"rendered":"OFRECEN ESPECT\u00c1CULO DE NARRACI\u00d3N ORAL"},"content":{"rendered":"<p>En el teatro Hinojosa se present\u00f3 el espect\u00e1culo de narraci\u00f3n oral Se\u00f1ores, Pido Permiso&#8230; cuentos y sucedidos del campo mexicano, evento organizado por el Departamento de Turismo Municipal que dirige Alba Dena Pereyra.<\/p>\n<p>Las narraciones corrieron a cargo de Andr\u00e9s Brise\u00f1o Hern\u00e1ndez, un talento jerezano que bajo una buena ambientaci\u00f3n se desplaz\u00f3 por el escenario para compartir diferentes historias aplaudidas por el p\u00fablico asistente.<\/p>\n<p>El espect\u00e1culo llev\u00f3 a los espectadores al encantamiento de los cuentos de escritores mexicanos, que abordaron el tema del campo, la revoluci\u00f3n y las pasiones desaforadas de los hombres y mujeres en el \u00e1mbito rural.<\/p>\n<p>En el marco del D\u00eda Internacional del Turismo, Dena Pereyra reconoci\u00f3 el inter\u00e9s de los talentos jerezanos de promover la riqueza art\u00edstica y cultural de Jerez, ya que representa una oportunidad para fortalecer la vocaci\u00f3n tur\u00edstica del municipio.<\/p>\n","protected":false},"excerpt":{"rendered":"<div class=\"mh-excerpt\"><p>En el teatro Hinojosa se present\u00f3 el espect\u00e1culo de narraci\u00f3n oral Se\u00f1ores, Pido Permiso&#8230; cuentos y sucedidos del campo mexicano, evento organizado por el Departamento <a class=\"mh-excerpt-more\" href=\"https:\/\/raicesjerezanas.com\/?p=2222\" title=\"OFRECEN ESPECT\u00c1CULO DE NARRACI\u00d3N ORAL\">&#8230;<\/a><\/p>\n<\/div>","protected":false},"author":1,"featured_media":2223,"comment_status":"closed","ping_status":"closed","sticky":false,"template":"","format":"standard","meta":{"footnotes":""},"categories":[],"tags":[],"class_list":["post-2222","post","type-post","status-publish","format-standard","has-post-thumbnail","hentry"],"_links":{"self":[{"href":"https:\/\/raicesjerezanas.com\/index.php?rest_route=\/wp\/v2\/posts\/2222","targetHints":{"allow":["GET"]}}],"collection":[{"href":"https:\/\/raicesjerezanas.com\/index.php?rest_route=\/wp\/v2\/posts"}],"about":[{"href":"https:\/\/raicesjerezanas.com\/index.php?rest_route=\/wp\/v2\/types\/post"}],"author":[{"embeddable":true,"href":"https:\/\/raicesjerezanas.com\/index.php?rest_route=\/wp\/v2\/users\/1"}],"replies":[{"embeddable":true,"href":"https:\/\/raicesjerezanas.com\/index.php?rest_route=%2Fwp%2Fv2%2Fcomments&post=2222"}],"version-history":[{"count":0,"href":"https:\/\/raicesjerezanas.com\/index.php?rest_route=\/wp\/v2\/posts\/2222\/revisions"}],"wp:featuredmedia":[{"embeddable":true,"href":"https:\/\/raicesjerezanas.com\/index.php?rest_route=\/wp\/v2\/media\/2223"}],"wp:attachment":[{"href":"https:\/\/raicesjerezanas.com\/index.php?rest_route=%2Fwp%2Fv2%2Fmedia&parent=2222"}],"wp:term":[{"taxonomy":"category","embeddable":true,"href":"https:\/\/raicesjerezanas.com\/index.php?rest_route=%2Fwp%2Fv2%2Fcategories&post=2222"},{"taxonomy":"post_tag","embeddable":true,"href":"https:\/\/raicesjerezanas.com\/index.php?rest_route=%2Fwp%2Fv2%2Ftags&post=2222"}],"curies":[{"name":"wp","href":"https:\/\/api.w.org\/{rel}","templated":true}]}}