{"id":2224,"date":"2019-09-27T21:41:29","date_gmt":"2019-09-28T02:41:29","guid":{"rendered":"https:\/\/raicesjerezanas.com\/?p=2224"},"modified":"2019-09-27T21:45:33","modified_gmt":"2019-09-28T02:45:33","slug":"expone-aceves-sanchez-necesidades-ecologicas-de-jerez","status":"publish","type":"post","link":"https:\/\/raicesjerezanas.com\/?p=2224","title":{"rendered":"EXPONE ACEVES S\u00c1NCHEZ NECESIDADES ECOL\u00d3GICAS DE JEREZ"},"content":{"rendered":"<p>Al dar arranque a la Audiencia P\u00fablica de la Secretar\u00eda del Agua y Medio Ambiente (SAMA), el alcalde Antonio Aceves S\u00e1nchez expuso ante autoridades estatales las necesidades ecol\u00f3gicas de Jerez, y pidi\u00f3 apoyo urgente en proyectos y temas de relevancia para toda la poblaci\u00f3n.<\/p>\n<p>Aceves S\u00e1nchez manifest\u00f3 el inter\u00e9s de contar con un Relleno Sanitario, aperturar pozos y redes de agua potable en comunidades, rehabilitar tanques de almacenamiento y comenzar con la tercera etapa de drenaje pluvial.<\/p>\n<p>Entre otros proyectos agreg\u00f3 el control de anidaci\u00f3n de animales de perjuicio para la gente, como las garzas ganaderas.<\/p>\n<p>Destac\u00f3 que su gobierno ha trabajado en la soluci\u00f3n de problem\u00e1ticas como la remoci\u00f3n de tiradero de la calle Galeana, la reubicaci\u00f3n de porcinos a zonas adecuadas, y actualmente se enfoca en el cambio de 83 ladrilleras con un avance del 75 y la cifra r\u00e9cord de 800 medidores instalados hasta la fecha.<\/p>\n<p>El alcalde reafirm\u00f3 que la participaci\u00f3n ciudadana es primordial para cumplir objetivos, como en el caso de la reciente reforestaci\u00f3n de la calle Galeana.<\/p>\n<p>Luis Fernando Maldonado Moreno, titular de la SAMA, apunt\u00f3 que es fundamental acercarse a la ciudadan\u00eda para conocer sus problemas ecol\u00f3gicos comunitarios que requieren resolverse en conjunto.<\/p>\n<p>El funcionario felicit\u00f3 a Aceves S\u00e1nchez por su preocupaci\u00f3n en la cuesti\u00f3n ecol\u00f3gica de Jerez, asegurando que tendr\u00e1 pronta respuesta a todas sus peticiones.<\/p>\n<p>Entre otros temas se atendi\u00f3 el uso indebido de agua en distintas industrias, poda de \u00e1rboles, fauna nociva y eliminaci\u00f3n de pl\u00e1sticos y residuos no biodegradables.<\/p>\n","protected":false},"excerpt":{"rendered":"<div class=\"mh-excerpt\"><p>Al dar arranque a la Audiencia P\u00fablica de la Secretar\u00eda del Agua y Medio Ambiente (SAMA), el alcalde Antonio Aceves S\u00e1nchez expuso ante autoridades estatales <a class=\"mh-excerpt-more\" href=\"https:\/\/raicesjerezanas.com\/?p=2224\" title=\"EXPONE ACEVES S\u00c1NCHEZ NECESIDADES ECOL\u00d3GICAS DE JEREZ\">&#8230;<\/a><\/p>\n<\/div>","protected":false},"author":1,"featured_media":2225,"comment_status":"closed","ping_status":"closed","sticky":false,"template":"","format":"standard","meta":{"footnotes":""},"categories":[],"tags":[],"class_list":["post-2224","post","type-post","status-publish","format-standard","has-post-thumbnail","hentry"],"_links":{"self":[{"href":"https:\/\/raicesjerezanas.com\/index.php?rest_route=\/wp\/v2\/posts\/2224","targetHints":{"allow":["GET"]}}],"collection":[{"href":"https:\/\/raicesjerezanas.com\/index.php?rest_route=\/wp\/v2\/posts"}],"about":[{"href":"https:\/\/raicesjerezanas.com\/index.php?rest_route=\/wp\/v2\/types\/post"}],"author":[{"embeddable":true,"href":"https:\/\/raicesjerezanas.com\/index.php?rest_route=\/wp\/v2\/users\/1"}],"replies":[{"embeddable":true,"href":"https:\/\/raicesjerezanas.com\/index.php?rest_route=%2Fwp%2Fv2%2Fcomments&post=2224"}],"version-history":[{"count":0,"href":"https:\/\/raicesjerezanas.com\/index.php?rest_route=\/wp\/v2\/posts\/2224\/revisions"}],"wp:featuredmedia":[{"embeddable":true,"href":"https:\/\/raicesjerezanas.com\/index.php?rest_route=\/wp\/v2\/media\/2225"}],"wp:attachment":[{"href":"https:\/\/raicesjerezanas.com\/index.php?rest_route=%2Fwp%2Fv2%2Fmedia&parent=2224"}],"wp:term":[{"taxonomy":"category","embeddable":true,"href":"https:\/\/raicesjerezanas.com\/index.php?rest_route=%2Fwp%2Fv2%2Fcategories&post=2224"},{"taxonomy":"post_tag","embeddable":true,"href":"https:\/\/raicesjerezanas.com\/index.php?rest_route=%2Fwp%2Fv2%2Ftags&post=2224"}],"curies":[{"name":"wp","href":"https:\/\/api.w.org\/{rel}","templated":true}]}}