{"id":2230,"date":"2019-09-30T18:47:59","date_gmt":"2019-09-30T23:47:59","guid":{"rendered":"https:\/\/raicesjerezanas.com\/?p=2230"},"modified":"2019-09-30T18:47:59","modified_gmt":"2019-09-30T23:47:59","slug":"presentan-a-candidatas-de-miss-jerez-2019","status":"publish","type":"post","link":"https:\/\/raicesjerezanas.com\/?p=2230","title":{"rendered":"PRESENTAN A CANDIDATAS DE MISS JEREZ 2019"},"content":{"rendered":"<p>Con el respaldo del Departamento de Turismo Municipal, se presentaron las nueve candidatas a la corona de Miss Jerez 2019.<\/p>\n<p>Jessica Lee, Devany Carrillo, Julieta Reveles, Alma Hurtado, Siboney M\u00e1rquez, Karina Rom\u00e1n, Martha Gonz\u00e1lez, Diana Carrera y Chelsea de la Torre, protagonizar\u00e1n el certamen el pr\u00f3ximo 26 de octubre en el sal\u00f3n Jerez para elegir a quien representar\u00e1 al municipio en la etapa estatal.<\/p>\n<p>Luis Mar\u00edn, coordinador del evento, destac\u00f3 que el concurso no solo implica demostrar la belleza jerezana, sino que ser\u00e1 con causa con la creaci\u00f3n de proyectos sociales que se presentar\u00e1n posteriormente.<\/p>\n<p>Las etapas del concurso ser\u00e1n openning, casual, traje de ba\u00f1o y vestido de noche, para que el jurado decida qui\u00e9n ser\u00e1 la ganadora y participante jerezana de Miss Zacatecas.<\/p>\n","protected":false},"excerpt":{"rendered":"<div class=\"mh-excerpt\"><p>Con el respaldo del Departamento de Turismo Municipal, se presentaron las nueve candidatas a la corona de Miss Jerez 2019. Jessica Lee, Devany Carrillo, Julieta <a class=\"mh-excerpt-more\" href=\"https:\/\/raicesjerezanas.com\/?p=2230\" title=\"PRESENTAN A CANDIDATAS DE MISS JEREZ 2019\">&#8230;<\/a><\/p>\n<\/div>","protected":false},"author":1,"featured_media":2231,"comment_status":"closed","ping_status":"closed","sticky":false,"template":"","format":"standard","meta":{"footnotes":""},"categories":[],"tags":[],"class_list":["post-2230","post","type-post","status-publish","format-standard","has-post-thumbnail","hentry"],"_links":{"self":[{"href":"https:\/\/raicesjerezanas.com\/index.php?rest_route=\/wp\/v2\/posts\/2230","targetHints":{"allow":["GET"]}}],"collection":[{"href":"https:\/\/raicesjerezanas.com\/index.php?rest_route=\/wp\/v2\/posts"}],"about":[{"href":"https:\/\/raicesjerezanas.com\/index.php?rest_route=\/wp\/v2\/types\/post"}],"author":[{"embeddable":true,"href":"https:\/\/raicesjerezanas.com\/index.php?rest_route=\/wp\/v2\/users\/1"}],"replies":[{"embeddable":true,"href":"https:\/\/raicesjerezanas.com\/index.php?rest_route=%2Fwp%2Fv2%2Fcomments&post=2230"}],"version-history":[{"count":0,"href":"https:\/\/raicesjerezanas.com\/index.php?rest_route=\/wp\/v2\/posts\/2230\/revisions"}],"wp:featuredmedia":[{"embeddable":true,"href":"https:\/\/raicesjerezanas.com\/index.php?rest_route=\/wp\/v2\/media\/2231"}],"wp:attachment":[{"href":"https:\/\/raicesjerezanas.com\/index.php?rest_route=%2Fwp%2Fv2%2Fmedia&parent=2230"}],"wp:term":[{"taxonomy":"category","embeddable":true,"href":"https:\/\/raicesjerezanas.com\/index.php?rest_route=%2Fwp%2Fv2%2Fcategories&post=2230"},{"taxonomy":"post_tag","embeddable":true,"href":"https:\/\/raicesjerezanas.com\/index.php?rest_route=%2Fwp%2Fv2%2Ftags&post=2230"}],"curies":[{"name":"wp","href":"https:\/\/api.w.org\/{rel}","templated":true}]}}