{"id":2241,"date":"2019-10-01T17:09:51","date_gmt":"2019-10-01T22:09:51","guid":{"rendered":"https:\/\/raicesjerezanas.com\/?p=2241"},"modified":"2019-10-01T17:09:51","modified_gmt":"2019-10-01T22:09:51","slug":"dan-arranque-al-mes-rosa-en-jerez","status":"publish","type":"post","link":"https:\/\/raicesjerezanas.com\/?p=2241","title":{"rendered":"DAN ARRANQUE AL MES ROSA EN JEREZ"},"content":{"rendered":"<p>Para hacer conciencia entre la sociedad jerezana sobre la prevenci\u00f3n del c\u00e1ncer de mama, el alcalde Antonio Aceves S\u00e1nchez y la Presidenta Honor\u00edfica del DIF Municipal Nayeli \u00c1lvarez Haro, arrancaron las actividades del Mes Rosa con la imposici\u00f3n del list\u00f3n en la Presidencia Municipal.<\/p>\n<p>Aceves S\u00e1nchez precis\u00f3 que esta enfermedad es dif\u00edcil pero si se detecta a tiempo se pueden salvar vidas, por lo que su administraci\u00f3n no se limitar\u00e1 a emprender acciones durante este mes sino de manera permanente.<\/p>\n<p>Destac\u00f3 que el esfuerzo ha contemplado tarjetas de acceso a mastograf\u00edas en el Hospital General, adem\u00e1s de la entrega de pelucas oncol\u00f3gicas y la gesti\u00f3n de pr\u00f3tesis mamarias.<\/p>\n<p>En este sentido invit\u00f3 a las mujeres jerezanas a demostrar su voluntad con revisiones y estudios peri\u00f3dicos para fortalecer juntos la cultura de la prevenci\u00f3n y tratamientos oportunos.<\/p>\n<p>En su mensaje \u00c1lvarez Haro declar\u00f3 que desde el DIF se respaldar\u00e1n tales acciones para concientizar a la gente sobre este tipo que c\u00e1ncer que coloca a M\u00e9xico entre los primeros lugares de mortalidad a nivel mundial.<\/p>\n<p>Inform\u00f3 que durante octubre se realizar\u00e1n mastograf\u00edas gratuitas, conversatorios y conferencias de Tanatolog\u00eda, Oncolog\u00eda, Nutrici\u00f3n, Medicina General e Interna, adicional a una marcha conmemorativa e iluminado de edificios.<\/p>\n<p>Para el d\u00eda 29 de formar\u00e1 un list\u00f3n rosa con ciudadanos, actividad seguida de una callejoneada que concluir\u00e1 en la plaza Tacuba con lanzamiento de globos de cantoya en honor a quienes han perdido la batalla ante la enfermedad.<\/p>\n<p>Luego del evento los funcionarios presentes en integrantes de la Asociaci\u00f3n Civil Mujeronas recorrieron el inmueble para entregar listones rosas al personal.<\/p>\n","protected":false},"excerpt":{"rendered":"<div class=\"mh-excerpt\"><p>Para hacer conciencia entre la sociedad jerezana sobre la prevenci\u00f3n del c\u00e1ncer de mama, el alcalde Antonio Aceves S\u00e1nchez y la Presidenta Honor\u00edfica del DIF <a class=\"mh-excerpt-more\" href=\"https:\/\/raicesjerezanas.com\/?p=2241\" title=\"DAN ARRANQUE AL MES ROSA EN JEREZ\">&#8230;<\/a><\/p>\n<\/div>","protected":false},"author":1,"featured_media":2242,"comment_status":"closed","ping_status":"closed","sticky":false,"template":"","format":"standard","meta":{"footnotes":""},"categories":[],"tags":[],"class_list":["post-2241","post","type-post","status-publish","format-standard","has-post-thumbnail","hentry"],"_links":{"self":[{"href":"https:\/\/raicesjerezanas.com\/index.php?rest_route=\/wp\/v2\/posts\/2241","targetHints":{"allow":["GET"]}}],"collection":[{"href":"https:\/\/raicesjerezanas.com\/index.php?rest_route=\/wp\/v2\/posts"}],"about":[{"href":"https:\/\/raicesjerezanas.com\/index.php?rest_route=\/wp\/v2\/types\/post"}],"author":[{"embeddable":true,"href":"https:\/\/raicesjerezanas.com\/index.php?rest_route=\/wp\/v2\/users\/1"}],"replies":[{"embeddable":true,"href":"https:\/\/raicesjerezanas.com\/index.php?rest_route=%2Fwp%2Fv2%2Fcomments&post=2241"}],"version-history":[{"count":0,"href":"https:\/\/raicesjerezanas.com\/index.php?rest_route=\/wp\/v2\/posts\/2241\/revisions"}],"wp:featuredmedia":[{"embeddable":true,"href":"https:\/\/raicesjerezanas.com\/index.php?rest_route=\/wp\/v2\/media\/2242"}],"wp:attachment":[{"href":"https:\/\/raicesjerezanas.com\/index.php?rest_route=%2Fwp%2Fv2%2Fmedia&parent=2241"}],"wp:term":[{"taxonomy":"category","embeddable":true,"href":"https:\/\/raicesjerezanas.com\/index.php?rest_route=%2Fwp%2Fv2%2Fcategories&post=2241"},{"taxonomy":"post_tag","embeddable":true,"href":"https:\/\/raicesjerezanas.com\/index.php?rest_route=%2Fwp%2Fv2%2Ftags&post=2241"}],"curies":[{"name":"wp","href":"https:\/\/api.w.org\/{rel}","templated":true}]}}