{"id":2243,"date":"2019-10-02T18:24:05","date_gmt":"2019-10-02T23:24:05","guid":{"rendered":"https:\/\/raicesjerezanas.com\/?p=2243"},"modified":"2019-10-02T18:24:05","modified_gmt":"2019-10-02T23:24:05","slug":"desarrollan-en-jerez-segunda-reunion-del-copladert","status":"publish","type":"post","link":"https:\/\/raicesjerezanas.com\/?p=2243","title":{"rendered":"DESARROLLAN EN JEREZ SEGUNDA REUNI\u00d3N DEL COPLADERT"},"content":{"rendered":"<p>Con \u00e9xito se realiz\u00f3 la segunda reuni\u00f3n del Comit\u00e9 de Planeaci\u00f3n y Desarrollo Regional y Territorial (COPLADERT), en la que se ahond\u00f3 en los recursos concursables para Jerez, Susticac\u00e1n y Tepetongo.<\/p>\n<p>El alcalde Antonio Aceves S\u00e1nchez dio la bienvenida a los alcaldes Sinforiano Armenta y Silvia D\u00edaz, ante quienes manifest\u00f3 que con trabajo en equipo se pueden alcanzar grandes beneficios para la regi\u00f3n si se analizan los recursos disponibles del Estado.<\/p>\n<p>Asimismo destac\u00f3 la importancia de unir esfuerzos para alcanzar metas desde las problem\u00e1ticas sociales en com\u00fan, para que el desarrollo de las localidades sea equitativo.<\/p>\n<p>Francisco Valle Reyes, representante de la Coordinaci\u00f3n Estatal de Planeaci\u00f3n, ampli\u00f3 la informaci\u00f3n acerca del fondo de desarrollo regional disponible para los municipios que cumplan con los requisitos y puedan ser beneficiarios con inversiones en obras prioritarias.<\/p>\n<p>Para el 14 de octubre se agend\u00f3 la pr\u00f3xima reuni\u00f3n a la que asistir\u00e1n los cuatro municipios de la regi\u00f3n, para que los alcaldes presenten sus propuestas y puedan ser analizadas por el Comit\u00e9.<\/p>\n","protected":false},"excerpt":{"rendered":"<div class=\"mh-excerpt\"><p>Con \u00e9xito se realiz\u00f3 la segunda reuni\u00f3n del Comit\u00e9 de Planeaci\u00f3n y Desarrollo Regional y Territorial (COPLADERT), en la que se ahond\u00f3 en los recursos <a class=\"mh-excerpt-more\" href=\"https:\/\/raicesjerezanas.com\/?p=2243\" title=\"DESARROLLAN EN JEREZ SEGUNDA REUNI\u00d3N DEL COPLADERT\">&#8230;<\/a><\/p>\n<\/div>","protected":false},"author":1,"featured_media":2244,"comment_status":"closed","ping_status":"closed","sticky":false,"template":"","format":"standard","meta":{"footnotes":""},"categories":[],"tags":[],"class_list":["post-2243","post","type-post","status-publish","format-standard","has-post-thumbnail","hentry"],"_links":{"self":[{"href":"https:\/\/raicesjerezanas.com\/index.php?rest_route=\/wp\/v2\/posts\/2243","targetHints":{"allow":["GET"]}}],"collection":[{"href":"https:\/\/raicesjerezanas.com\/index.php?rest_route=\/wp\/v2\/posts"}],"about":[{"href":"https:\/\/raicesjerezanas.com\/index.php?rest_route=\/wp\/v2\/types\/post"}],"author":[{"embeddable":true,"href":"https:\/\/raicesjerezanas.com\/index.php?rest_route=\/wp\/v2\/users\/1"}],"replies":[{"embeddable":true,"href":"https:\/\/raicesjerezanas.com\/index.php?rest_route=%2Fwp%2Fv2%2Fcomments&post=2243"}],"version-history":[{"count":0,"href":"https:\/\/raicesjerezanas.com\/index.php?rest_route=\/wp\/v2\/posts\/2243\/revisions"}],"wp:featuredmedia":[{"embeddable":true,"href":"https:\/\/raicesjerezanas.com\/index.php?rest_route=\/wp\/v2\/media\/2244"}],"wp:attachment":[{"href":"https:\/\/raicesjerezanas.com\/index.php?rest_route=%2Fwp%2Fv2%2Fmedia&parent=2243"}],"wp:term":[{"taxonomy":"category","embeddable":true,"href":"https:\/\/raicesjerezanas.com\/index.php?rest_route=%2Fwp%2Fv2%2Fcategories&post=2243"},{"taxonomy":"post_tag","embeddable":true,"href":"https:\/\/raicesjerezanas.com\/index.php?rest_route=%2Fwp%2Fv2%2Ftags&post=2243"}],"curies":[{"name":"wp","href":"https:\/\/api.w.org\/{rel}","templated":true}]}}