{"id":22532,"date":"2023-06-28T21:23:14","date_gmt":"2023-06-29T03:23:14","guid":{"rendered":"https:\/\/enconecte.com\/?p=22532"},"modified":"2023-06-28T21:23:14","modified_gmt":"2023-06-29T03:23:14","slug":"dan-certeza-legal-sobre-sus-viviendas-a-familias-jerezanas","status":"publish","type":"post","link":"https:\/\/raicesjerezanas.com\/?p=22532","title":{"rendered":"DAN CERTEZA LEGAL SOBRE SUS VIVIENDAS A FAMILIAS JEREZANAS"},"content":{"rendered":"<p>-Fueron entregadas a 167 familias escrituras de terrenos y casas, as\u00ed como 100 paquetes de mejoramiento de vivienda.<br \/>\nJerez, Zac.- Este martes a medio d\u00eda, en el auditorio Genaro Borrego, el alcalde, Jos\u00e9 Humberto Salazar Contreras, recibi\u00f3 al mandatario estatal, David Monreal \u00c1vila y a una comitiva de autoridades del Estado, para hacer la entrega de documentos a cientos de familias jerezanas que fueron beneficiadas con la certeza jur\u00eddica de sus terrenos y casas, as\u00ed como apoyo con paquetes de mejoramiento de viviendas por medio del programa \u201cConstruyendo bienestar\u201d.<\/p>\n<p>Previo a la entrega, Salazar Contreras, dio la bienvenida a todos los presentes y explic\u00f3 que hoy fue un d\u00eda especial para estas familias que desde el 2009 ten\u00edan incertidumbre; \u201cesto da paz y armon\u00eda, ya tienen de qu\u00e9 valerse est\u00e1s 167 familias\u201d asever\u00f3; asimismo alent\u00f3 a lo jerezanos que est\u00e1n en espera de este proceso, ya que otras 200 escrituras est\u00e1n en proceso de regularizaci\u00f3n.<\/p>\n<p><a href=\"https:\/\/enconecte.com\/wp-content\/uploads\/2023\/07\/fam1.jpg\"><img loading=\"lazy\" decoding=\"async\" class=\"alignnone size-full wp-image-22533\" src=\"https:\/\/enconecte.com\/wp-content\/uploads\/2023\/07\/fam1.jpg\" alt=\"\" width=\"1600\" height=\"1066\" srcset=\"https:\/\/raicesjerezanas.com\/wp-content\/uploads\/2023\/07\/fam1.jpg 1600w, https:\/\/raicesjerezanas.com\/wp-content\/uploads\/2023\/07\/fam1-300x200.jpg 300w, https:\/\/raicesjerezanas.com\/wp-content\/uploads\/2023\/07\/fam1-1024x682.jpg 1024w, https:\/\/raicesjerezanas.com\/wp-content\/uploads\/2023\/07\/fam1-768x512.jpg 768w, https:\/\/raicesjerezanas.com\/wp-content\/uploads\/2023\/07\/fam1-1536x1023.jpg 1536w\" sizes=\"auto, (max-width: 1600px) 100vw, 1600px\" \/><\/a><\/p>\n<p>Ah\u00ed mismo el gobernador, David Monreal \u00c1vila, manifest\u00f3 que el programa \u201cConstruyendo bienestar\u201d tiene por objetivo la dignificaci\u00f3n de familias zacatecanas y que est\u00e1s vertientes del programa son de las m\u00e1s modestas, ya que est\u00e1 dise\u00f1ado para dar soluci\u00f3n a todas las necesidades en materia de vivienda decorosa y se comprometi\u00f3 a beneficiar con este programa a por lo menos 600 familias jerezanas m\u00e1s.<\/p>\n<p>Por su parte, el titular de la Secretar\u00eda de Desarrollo Urbano, Vivienda y Ordenamiento Territorial (SEDUVOT), Jos\u00e9 Luis de la Pe\u00f1a Alonso, declar\u00f3 que este programa y entregas de material como se lo indic\u00f3 el gobernador va encaminados a fin de generar paz y bienestar en los zacatecanos. En el evento hicieron acto de presencia Julia Olgu\u00edn, subsecretaria de Secretar\u00eda de Gobierno, Luis Gonz\u00e1lez Orozco, subdelegado de Programas para el Bienestar, servidores p\u00fablicos municipales y beneficiarios\u00a0jerezanos.<\/p>\n","protected":false},"excerpt":{"rendered":"<div class=\"mh-excerpt\"><p>-Fueron entregadas a 167 familias escrituras de terrenos y casas, as\u00ed como 100 paquetes de mejoramiento de vivienda. Jerez, Zac.- Este martes a medio d\u00eda, <a class=\"mh-excerpt-more\" href=\"https:\/\/raicesjerezanas.com\/?p=22532\" title=\"DAN CERTEZA LEGAL SOBRE SUS VIVIENDAS A FAMILIAS JEREZANAS\">&#8230;<\/a><\/p>\n<\/div>","protected":false},"author":1,"featured_media":22534,"comment_status":"closed","ping_status":"closed","sticky":false,"template":"","format":"standard","meta":{"footnotes":""},"categories":[102],"tags":[],"class_list":["post-22532","post","type-post","status-publish","format-standard","has-post-thumbnail","hentry","category-noticias-de-jerez"],"_links":{"self":[{"href":"https:\/\/raicesjerezanas.com\/index.php?rest_route=\/wp\/v2\/posts\/22532","targetHints":{"allow":["GET"]}}],"collection":[{"href":"https:\/\/raicesjerezanas.com\/index.php?rest_route=\/wp\/v2\/posts"}],"about":[{"href":"https:\/\/raicesjerezanas.com\/index.php?rest_route=\/wp\/v2\/types\/post"}],"author":[{"embeddable":true,"href":"https:\/\/raicesjerezanas.com\/index.php?rest_route=\/wp\/v2\/users\/1"}],"replies":[{"embeddable":true,"href":"https:\/\/raicesjerezanas.com\/index.php?rest_route=%2Fwp%2Fv2%2Fcomments&post=22532"}],"version-history":[{"count":0,"href":"https:\/\/raicesjerezanas.com\/index.php?rest_route=\/wp\/v2\/posts\/22532\/revisions"}],"wp:featuredmedia":[{"embeddable":true,"href":"https:\/\/raicesjerezanas.com\/index.php?rest_route=\/wp\/v2\/media\/22534"}],"wp:attachment":[{"href":"https:\/\/raicesjerezanas.com\/index.php?rest_route=%2Fwp%2Fv2%2Fmedia&parent=22532"}],"wp:term":[{"taxonomy":"category","embeddable":true,"href":"https:\/\/raicesjerezanas.com\/index.php?rest_route=%2Fwp%2Fv2%2Fcategories&post=22532"},{"taxonomy":"post_tag","embeddable":true,"href":"https:\/\/raicesjerezanas.com\/index.php?rest_route=%2Fwp%2Fv2%2Ftags&post=22532"}],"curies":[{"name":"wp","href":"https:\/\/api.w.org\/{rel}","templated":true}]}}