{"id":22537,"date":"2023-06-28T21:25:19","date_gmt":"2023-06-29T03:25:19","guid":{"rendered":"https:\/\/enconecte.com\/?p=22537"},"modified":"2023-06-28T21:25:19","modified_gmt":"2023-06-29T03:25:19","slug":"recibira-jerez-a-motociclistas-de-la-magna-concentracion-la-heroica-2023","status":"publish","type":"post","link":"https:\/\/raicesjerezanas.com\/?p=22537","title":{"rendered":"RECIBIR\u00c1 JEREZ A MOTOCICLISTAS DE LA MAGNA CONCENTRACI\u00d3N LA HEROICA 2023"},"content":{"rendered":"<p>El alcalde Jos\u00e9 Humberto Salazar Contreras ratific\u00f3 su respaldo a los participantes de la magna concentraci\u00f3n de motociclistas La Heroica Zacatecas 2023, que tendr\u00e1 lugar en la capital del estado y como \u00fanica sede alterna, la ciudad de Jerez, donde el domingo pr\u00f3ximo se desarrollar\u00e1 el \u00faltimo d\u00eda de actividades y la clausura oficial del evento.<\/p>\n<p>Durante la conferencia de prensa en la que los coordinadores dieron a conocer el programa general, el doctor Salazar reconoci\u00f3 la iniciativa de esta asociaci\u00f3n y destac\u00f3 la importancia de recibir en el Pueblo M\u00e1gico M\u00e1s Alegre, a personas apasionadas por el motociclismo; \u201cnos complace abrirles las puertas de este municipio, porque necesitamos eso, que haya comuni\u00f3n entre la sociedad, que haya ambiente familiar y trasmitamos la paz y tranquilidad\u201d.<\/p>\n<p>Agreg\u00f3 que este tipo de eventos dan realce al municipio y son un atractivo para los turistas no s\u00f3lo del estado, sino del pa\u00eds e incluso a nivel internacional, por lo que agradeci\u00f3 a los organizadores y destac\u00f3 la permanencia de 23 a\u00f1os del evento, lo que los convierte en una gran familia, que promueve la convivencia social y propicia una importante derrama econ\u00f3mica.<\/p>\n<p>Durante la presentaci\u00f3n del programa, estuvieron presentes el director de Desarrollo Econ\u00f3mico y Social David Josafat de la Torre Pinedo y el director de turismo municipal Francisco Serrano Miranda; el presidente de La Heroica, Roberto Garc\u00eda, el coordinador de Log\u00edstica Julio C\u00e9sar Cabral Mier, el director operativo David Cortez, la representante de las chicas Biker Jerez Blanca Zamarr\u00f3n Hern\u00e1ndez y Lexone DJ.<\/p>\n<p><a href=\"https:\/\/enconecte.com\/wp-content\/uploads\/2023\/07\/motos1.jpg\"><img loading=\"lazy\" decoding=\"async\" class=\"alignnone size-full wp-image-22538\" src=\"https:\/\/enconecte.com\/wp-content\/uploads\/2023\/07\/motos1.jpg\" alt=\"\" width=\"1200\" height=\"800\" srcset=\"https:\/\/raicesjerezanas.com\/wp-content\/uploads\/2023\/07\/motos1.jpg 1200w, https:\/\/raicesjerezanas.com\/wp-content\/uploads\/2023\/07\/motos1-300x200.jpg 300w, https:\/\/raicesjerezanas.com\/wp-content\/uploads\/2023\/07\/motos1-1024x683.jpg 1024w, https:\/\/raicesjerezanas.com\/wp-content\/uploads\/2023\/07\/motos1-768x512.jpg 768w\" sizes=\"auto, (max-width: 1200px) 100vw, 1200px\" \/><\/a><\/p>\n<p>El programa de la Heroica 2023 inicia este jueves en la capital del estado y concluye el domingo en este pueblo m\u00e1gico, que de acuerdo con los organizadores, se incluy\u00f3 con la intensi\u00f3n de que los participantes conozcan las maravillas que Jerez ofrece y puedan degustar de la gastronom\u00eda y adquirir las artesan\u00edas que aqu\u00ed se exponen.<\/p>\n<p>La actividad dominical comenzar\u00e1 a las 10:00 horas en la Plaza Principal, donde una banda jerezana estar\u00e1 amenizando el evento, as\u00ed como el DJ Lexone y a petici\u00f3n de los propios organizadores, se dar\u00e1 una muestra de la tradicional tostada jerezana, luego se realizar\u00e1 la clausura oficial de la\u00a0concentraci\u00f3n.<\/p>\n","protected":false},"excerpt":{"rendered":"<div class=\"mh-excerpt\"><p>El alcalde Jos\u00e9 Humberto Salazar Contreras ratific\u00f3 su respaldo a los participantes de la magna concentraci\u00f3n de motociclistas La Heroica Zacatecas 2023, que tendr\u00e1 lugar <a class=\"mh-excerpt-more\" href=\"https:\/\/raicesjerezanas.com\/?p=22537\" title=\"RECIBIR\u00c1 JEREZ A MOTOCICLISTAS DE LA MAGNA CONCENTRACI\u00d3N LA HEROICA 2023\">&#8230;<\/a><\/p>\n<\/div>","protected":false},"author":1,"featured_media":22539,"comment_status":"closed","ping_status":"closed","sticky":false,"template":"","format":"standard","meta":{"footnotes":""},"categories":[102],"tags":[],"class_list":["post-22537","post","type-post","status-publish","format-standard","has-post-thumbnail","hentry","category-noticias-de-jerez"],"_links":{"self":[{"href":"https:\/\/raicesjerezanas.com\/index.php?rest_route=\/wp\/v2\/posts\/22537","targetHints":{"allow":["GET"]}}],"collection":[{"href":"https:\/\/raicesjerezanas.com\/index.php?rest_route=\/wp\/v2\/posts"}],"about":[{"href":"https:\/\/raicesjerezanas.com\/index.php?rest_route=\/wp\/v2\/types\/post"}],"author":[{"embeddable":true,"href":"https:\/\/raicesjerezanas.com\/index.php?rest_route=\/wp\/v2\/users\/1"}],"replies":[{"embeddable":true,"href":"https:\/\/raicesjerezanas.com\/index.php?rest_route=%2Fwp%2Fv2%2Fcomments&post=22537"}],"version-history":[{"count":0,"href":"https:\/\/raicesjerezanas.com\/index.php?rest_route=\/wp\/v2\/posts\/22537\/revisions"}],"wp:featuredmedia":[{"embeddable":true,"href":"https:\/\/raicesjerezanas.com\/index.php?rest_route=\/wp\/v2\/media\/22539"}],"wp:attachment":[{"href":"https:\/\/raicesjerezanas.com\/index.php?rest_route=%2Fwp%2Fv2%2Fmedia&parent=22537"}],"wp:term":[{"taxonomy":"category","embeddable":true,"href":"https:\/\/raicesjerezanas.com\/index.php?rest_route=%2Fwp%2Fv2%2Fcategories&post=22537"},{"taxonomy":"post_tag","embeddable":true,"href":"https:\/\/raicesjerezanas.com\/index.php?rest_route=%2Fwp%2Fv2%2Ftags&post=22537"}],"curies":[{"name":"wp","href":"https:\/\/api.w.org\/{rel}","templated":true}]}}