{"id":22540,"date":"2023-06-29T21:26:31","date_gmt":"2023-06-30T03:26:31","guid":{"rendered":"https:\/\/enconecte.com\/?p=22540"},"modified":"2023-06-29T21:26:31","modified_gmt":"2023-06-30T03:26:31","slug":"servidoras-publicas-de-jerez-reciben-conferencia-por-una-vida-libre-de-violencia","status":"publish","type":"post","link":"https:\/\/raicesjerezanas.com\/?p=22540","title":{"rendered":"SERVIDORAS P\u00daBLICAS DE JEREZ RECIBEN CONFERENCIA \u201cPOR UNA VIDA LIBRE DE VIOLENCIA\u201d"},"content":{"rendered":"<p>-M\u00e1s de 50 trabajadoras de la presidencia municipal asistieron al coloquio.<\/p>\n<p>Jerez, Zac.- Trabajadoras del gobierno municipal que encabeza Humberto Salazar Contreras, pudieron presenciar una conferencia titulada \u201cPor una vida libre de violencia\u201d que fue organizada por el Instituto de la Mujer Jerezana (INMUJE) en coordinaci\u00f3n con la Secretar\u00eda de las Mujeres Zacatecanas (SEMUJER) a trav\u00e9s de la Unidad M\u00f3vil de Orientaci\u00f3n, ruta 2, con la finalidad de visibilizar y concientizar sobre la violencia de g\u00e9nero.<\/p>\n<p>Previo a la pl\u00e1tica la titular del INMUJE, Teresina Casas Castro, dio la bienvenida a los presentes y dijo que no es desconocido la existencia de la violencia en distintos \u00e1mbitos, por ello se toman estas acciones, ya que, cambiando el entorno se contribuye a disminuir la violencia contra la mujer.<\/p>\n<p>El mun\u00edcipe jerezano, en su mensaje reconoci\u00f3 el trabajo del INMUJE, ya que es un trabajo completo para que las mujeres sean visibles y recuperen el espacio que le corresponde en la sociedad, con apoyo en orientaci\u00f3n legal, psicol\u00f3gica y capacitaciones para el \u00e1mbito laboral, ah\u00ed mismo record\u00f3 el compromiso de la presidencia con la equidad de g\u00e9nero y recalc\u00f3 que est\u00e1 es primordial, por ello este tipo de capacitaciones fungen como \u201cherramientas b\u00e1sicas de conocimiento\u201d en el camino para lograr dicha equidad, subray\u00f3.<\/p>\n<p>Los expositores provenientes de la SEMUJER fueron Yoselin Mayte Garc\u00eda Santill\u00e1n y Arturo Emmanuel Murillo Revele, quienes juntos abordaron temas como; la desigualdad laboral y los espacios p\u00fablicos, los estereotipos de los roles sociales, los tipos de violencia, la evoluci\u00f3n de los derechos de las mujeres, entre otros de suma importancia para prevenci\u00f3n y erradicaci\u00f3n de la problem\u00e1tica\u00a0colectiva.<\/p>\n","protected":false},"excerpt":{"rendered":"<div class=\"mh-excerpt\"><p>-M\u00e1s de 50 trabajadoras de la presidencia municipal asistieron al coloquio. Jerez, Zac.- Trabajadoras del gobierno municipal que encabeza Humberto Salazar Contreras, pudieron presenciar una <a class=\"mh-excerpt-more\" href=\"https:\/\/raicesjerezanas.com\/?p=22540\" title=\"SERVIDORAS P\u00daBLICAS DE JEREZ RECIBEN CONFERENCIA \u201cPOR UNA VIDA LIBRE DE VIOLENCIA\u201d\">&#8230;<\/a><\/p>\n<\/div>","protected":false},"author":1,"featured_media":22541,"comment_status":"closed","ping_status":"closed","sticky":false,"template":"","format":"standard","meta":{"footnotes":""},"categories":[102],"tags":[],"class_list":["post-22540","post","type-post","status-publish","format-standard","has-post-thumbnail","hentry","category-noticias-de-jerez"],"_links":{"self":[{"href":"https:\/\/raicesjerezanas.com\/index.php?rest_route=\/wp\/v2\/posts\/22540","targetHints":{"allow":["GET"]}}],"collection":[{"href":"https:\/\/raicesjerezanas.com\/index.php?rest_route=\/wp\/v2\/posts"}],"about":[{"href":"https:\/\/raicesjerezanas.com\/index.php?rest_route=\/wp\/v2\/types\/post"}],"author":[{"embeddable":true,"href":"https:\/\/raicesjerezanas.com\/index.php?rest_route=\/wp\/v2\/users\/1"}],"replies":[{"embeddable":true,"href":"https:\/\/raicesjerezanas.com\/index.php?rest_route=%2Fwp%2Fv2%2Fcomments&post=22540"}],"version-history":[{"count":0,"href":"https:\/\/raicesjerezanas.com\/index.php?rest_route=\/wp\/v2\/posts\/22540\/revisions"}],"wp:featuredmedia":[{"embeddable":true,"href":"https:\/\/raicesjerezanas.com\/index.php?rest_route=\/wp\/v2\/media\/22541"}],"wp:attachment":[{"href":"https:\/\/raicesjerezanas.com\/index.php?rest_route=%2Fwp%2Fv2%2Fmedia&parent=22540"}],"wp:term":[{"taxonomy":"category","embeddable":true,"href":"https:\/\/raicesjerezanas.com\/index.php?rest_route=%2Fwp%2Fv2%2Fcategories&post=22540"},{"taxonomy":"post_tag","embeddable":true,"href":"https:\/\/raicesjerezanas.com\/index.php?rest_route=%2Fwp%2Fv2%2Ftags&post=22540"}],"curies":[{"name":"wp","href":"https:\/\/api.w.org\/{rel}","templated":true}]}}