{"id":22545,"date":"2023-06-30T21:30:25","date_gmt":"2023-07-01T03:30:25","guid":{"rendered":"https:\/\/enconecte.com\/?p=22545"},"modified":"2023-06-30T21:30:25","modified_gmt":"2023-07-01T03:30:25","slug":"dif-jerez-respalda-a-mas-de-250-familias-en-la-mejora-de-sus-servicios-basicos","status":"publish","type":"post","link":"https:\/\/raicesjerezanas.com\/?p=22545","title":{"rendered":"DIF JEREZ RESPALDA A M\u00c1S DE 250 FAMILIAS EN LA MEJORA DE SUS SERVICIOS B\u00c1SICOS"},"content":{"rendered":"<p>Con apoyo a un total de 263 familias, el DIF Jerez y la Congregaci\u00f3n Mariana Trinitaria culminaron la primer etapa de entrega a la poblaci\u00f3n, de implementos subsidiados para el mejoramiento de sus servicios b\u00e1sicos.<\/p>\n<p>El presidente municipal Jos\u00e9 Humberto Salazar Contreras, se\u00f1al\u00f3 como importante el buen almacenamiento del agua debido a la sequ\u00eda por la que atraviesa el estado, y el aprovechamiento de los recursos naturales para aportar al ahorro econ\u00f3mico de los hogares.<\/p>\n<p>Al respecto asegur\u00f3 que se dar\u00e1 continuidad al trabajo unido con la Congregaci\u00f3n, a efecto que m\u00e1s jerezanos tengan facilidad de acceder a este y otro tipo de apoyos tan necesarios hoy en d\u00eda.<\/p>\n<p>La presidenta honor\u00edfica del DIF Jerez, apunt\u00f3 que esta es la s\u00e9ptima entrega de implementos subsidiados, pudiendo otorgar hasta el momento 180 calentadores y 83 tinacos a igual n\u00famero de familias, con lo cual se da fin a la primer etapa de este beneficio.<\/p>\n<p>Record\u00f3 que la segunda etapa ha dado inicio con la apertura de la ventanilla en el propio DIF, para solicitar cemento gris y mortero, a la espera de que antes de acabado del a\u00f1o se vuelva a contar con m\u00e1s tinacos y calentadores solares.<\/p>\n<p>Para esta ocasi\u00f3n se otorgaron 31 tinacos con capacidades de entre 450, 750, 1100 y 2500 litros, a la par de 30 calentadores solares de 8, 10, 12 y 15 tubos, en presencia del Director de Desarrollo Econ\u00f3mico y Social, David Josafat de la Torre, y el coordinador de Turismo Municipal, Francisco Serrano\u00a0Miranda.<\/p>\n","protected":false},"excerpt":{"rendered":"<div class=\"mh-excerpt\"><p>Con apoyo a un total de 263 familias, el DIF Jerez y la Congregaci\u00f3n Mariana Trinitaria culminaron la primer etapa de entrega a la poblaci\u00f3n, <a class=\"mh-excerpt-more\" href=\"https:\/\/raicesjerezanas.com\/?p=22545\" title=\"DIF JEREZ RESPALDA A M\u00c1S DE 250 FAMILIAS EN LA MEJORA DE SUS SERVICIOS B\u00c1SICOS\">&#8230;<\/a><\/p>\n<\/div>","protected":false},"author":1,"featured_media":22546,"comment_status":"closed","ping_status":"closed","sticky":false,"template":"","format":"standard","meta":{"footnotes":""},"categories":[102],"tags":[],"class_list":["post-22545","post","type-post","status-publish","format-standard","has-post-thumbnail","hentry","category-noticias-de-jerez"],"_links":{"self":[{"href":"https:\/\/raicesjerezanas.com\/index.php?rest_route=\/wp\/v2\/posts\/22545","targetHints":{"allow":["GET"]}}],"collection":[{"href":"https:\/\/raicesjerezanas.com\/index.php?rest_route=\/wp\/v2\/posts"}],"about":[{"href":"https:\/\/raicesjerezanas.com\/index.php?rest_route=\/wp\/v2\/types\/post"}],"author":[{"embeddable":true,"href":"https:\/\/raicesjerezanas.com\/index.php?rest_route=\/wp\/v2\/users\/1"}],"replies":[{"embeddable":true,"href":"https:\/\/raicesjerezanas.com\/index.php?rest_route=%2Fwp%2Fv2%2Fcomments&post=22545"}],"version-history":[{"count":0,"href":"https:\/\/raicesjerezanas.com\/index.php?rest_route=\/wp\/v2\/posts\/22545\/revisions"}],"wp:featuredmedia":[{"embeddable":true,"href":"https:\/\/raicesjerezanas.com\/index.php?rest_route=\/wp\/v2\/media\/22546"}],"wp:attachment":[{"href":"https:\/\/raicesjerezanas.com\/index.php?rest_route=%2Fwp%2Fv2%2Fmedia&parent=22545"}],"wp:term":[{"taxonomy":"category","embeddable":true,"href":"https:\/\/raicesjerezanas.com\/index.php?rest_route=%2Fwp%2Fv2%2Fcategories&post=22545"},{"taxonomy":"post_tag","embeddable":true,"href":"https:\/\/raicesjerezanas.com\/index.php?rest_route=%2Fwp%2Fv2%2Ftags&post=22545"}],"curies":[{"name":"wp","href":"https:\/\/api.w.org\/{rel}","templated":true}]}}