{"id":22549,"date":"2023-06-30T21:32:46","date_gmt":"2023-07-01T03:32:46","guid":{"rendered":"https:\/\/enconecte.com\/?p=22549"},"modified":"2023-06-30T21:32:46","modified_gmt":"2023-07-01T03:32:46","slug":"acude-dr-salazar-a-entregar-material-a-primaria-en-los-mota-jerez","status":"publish","type":"post","link":"https:\/\/raicesjerezanas.com\/?p=22549","title":{"rendered":"ACUDE DR. SALAZAR A ENTREGAR MATERIAL A PRIMARIA EN LOS MOTA, JEREZ"},"content":{"rendered":"<p>-Fueron invertidos $9,246.30 en material y las instalaciones ser\u00e1n realizadas por personal de servicios p\u00fablicos.<\/p>\n<p>Jerez, Zac.- Por iniciativa municipal este jueves en la Escuela Primaria Jos\u00e9 Rodr\u00edguez El\u00edas , ubicada en la comunidad de Los Mota se realiz\u00f3 la entrega de material electr\u00f3nico , a fin de poner andar la escuela que tend\u00eda m\u00e1s de 10 a\u00f1os de abandono y hoy beneficia de los pobladores esta localidad jerezana, por parte de la actual administraci\u00f3n municipal 2021-2024, por medio del Departamento de Atenci\u00f3n Ciudadana y Gesti\u00f3n Social.<\/p>\n<p>Previo a la entrega, Ma. Del Consuelo Trujillo Moreno, titular del departamento de Atenci\u00f3n Ciudadana y Gesti\u00f3n Social, explic\u00f3 que este material electr\u00f3nico el cual tuvo una inversi\u00f3n de $9,246.30, era necesario para que los ni\u00f1os pudieran recibir sus clases ya que la escuela no contaba con instalaciones el\u00e9ctricas.<\/p>\n<p>Despu\u00e9s el Mtro, Juan Pedro Mart\u00ednez de la Cruz, director de la Instituci\u00f3n, agradeci\u00f3 al presidente el apoyo para poner a la escuela en las mejores condiciones para poder brindar buena educaci\u00f3n a los alumnos de la comunidad.<\/p>\n<p><a href=\"https:\/\/enconecte.com\/wp-content\/uploads\/2023\/07\/entreg.jpg\"><img loading=\"lazy\" decoding=\"async\" class=\"alignnone size-full wp-image-22550\" src=\"https:\/\/enconecte.com\/wp-content\/uploads\/2023\/07\/entreg.jpg\" alt=\"\" width=\"1600\" height=\"1066\" srcset=\"https:\/\/raicesjerezanas.com\/wp-content\/uploads\/2023\/07\/entreg.jpg 1600w, https:\/\/raicesjerezanas.com\/wp-content\/uploads\/2023\/07\/entreg-300x200.jpg 300w, https:\/\/raicesjerezanas.com\/wp-content\/uploads\/2023\/07\/entreg-1024x682.jpg 1024w, https:\/\/raicesjerezanas.com\/wp-content\/uploads\/2023\/07\/entreg-768x512.jpg 768w, https:\/\/raicesjerezanas.com\/wp-content\/uploads\/2023\/07\/entreg-1536x1023.jpg 1536w\" sizes=\"auto, (max-width: 1600px) 100vw, 1600px\" \/><\/a><\/p>\n<p>Seguido el Dr. Jos\u00e9 Humberto Salazar Contreras, alcalde de Jerez en el lugar agradeci\u00f3 al director, docentes y los padres de familia el trabajo realizado en la localidad, asimismo reconoci\u00f3 las condiciones de abandono anteriores en esta escuela, por ello las acciones que hoy comenzaron con las instalaciones el\u00e9ctricas, pero que adem\u00e1s ser\u00e1 el arreglo de ba\u00f1os y poda de \u00e1rboles que es necesario, se comprometi\u00f3 con la escuela a seguirla rehabilitado y dar seguimiento al problema de drenaje.<\/p>\n<p>Acompa\u00f1ados del Lic. David Yosafat de la Torre Pinedo, director de Desarrollo Econ\u00f3mico y Social, junto a alumnos, maestros, madres y padres de familias de la primaria, se realiz\u00f3 la entrega de la material y de dio paso a la instalaciones\u00a0necesarias.<\/p>\n","protected":false},"excerpt":{"rendered":"<div class=\"mh-excerpt\"><p>-Fueron invertidos $9,246.30 en material y las instalaciones ser\u00e1n realizadas por personal de servicios p\u00fablicos. Jerez, Zac.- Por iniciativa municipal este jueves en la Escuela <a class=\"mh-excerpt-more\" href=\"https:\/\/raicesjerezanas.com\/?p=22549\" title=\"ACUDE DR. SALAZAR A ENTREGAR MATERIAL A PRIMARIA EN LOS MOTA, JEREZ\">&#8230;<\/a><\/p>\n<\/div>","protected":false},"author":1,"featured_media":22551,"comment_status":"closed","ping_status":"closed","sticky":false,"template":"","format":"standard","meta":{"footnotes":""},"categories":[102],"tags":[],"class_list":["post-22549","post","type-post","status-publish","format-standard","has-post-thumbnail","hentry","category-noticias-de-jerez"],"_links":{"self":[{"href":"https:\/\/raicesjerezanas.com\/index.php?rest_route=\/wp\/v2\/posts\/22549","targetHints":{"allow":["GET"]}}],"collection":[{"href":"https:\/\/raicesjerezanas.com\/index.php?rest_route=\/wp\/v2\/posts"}],"about":[{"href":"https:\/\/raicesjerezanas.com\/index.php?rest_route=\/wp\/v2\/types\/post"}],"author":[{"embeddable":true,"href":"https:\/\/raicesjerezanas.com\/index.php?rest_route=\/wp\/v2\/users\/1"}],"replies":[{"embeddable":true,"href":"https:\/\/raicesjerezanas.com\/index.php?rest_route=%2Fwp%2Fv2%2Fcomments&post=22549"}],"version-history":[{"count":0,"href":"https:\/\/raicesjerezanas.com\/index.php?rest_route=\/wp\/v2\/posts\/22549\/revisions"}],"wp:featuredmedia":[{"embeddable":true,"href":"https:\/\/raicesjerezanas.com\/index.php?rest_route=\/wp\/v2\/media\/22551"}],"wp:attachment":[{"href":"https:\/\/raicesjerezanas.com\/index.php?rest_route=%2Fwp%2Fv2%2Fmedia&parent=22549"}],"wp:term":[{"taxonomy":"category","embeddable":true,"href":"https:\/\/raicesjerezanas.com\/index.php?rest_route=%2Fwp%2Fv2%2Fcategories&post=22549"},{"taxonomy":"post_tag","embeddable":true,"href":"https:\/\/raicesjerezanas.com\/index.php?rest_route=%2Fwp%2Fv2%2Ftags&post=22549"}],"curies":[{"name":"wp","href":"https:\/\/api.w.org\/{rel}","templated":true}]}}