{"id":2256,"date":"2019-10-04T17:01:23","date_gmt":"2019-10-04T22:01:23","guid":{"rendered":"https:\/\/raicesjerezanas.com\/?p=2256"},"modified":"2019-10-04T17:01:23","modified_gmt":"2019-10-04T22:01:23","slug":"capacita-pc-jerez-a-docentes-en-manejo-de-emergencias","status":"publish","type":"post","link":"https:\/\/raicesjerezanas.com\/?p=2256","title":{"rendered":"CAPACITA PC JEREZ A DOCENTES EN MANEJO DE EMERGENCIAS"},"content":{"rendered":"<p>La Coordinaci\u00f3n Municipal de Protecci\u00f3n Civil imparti\u00f3 una capacitaci\u00f3n te\u00f3rica y pr\u00e1ctica a maestros de Telesecundaria de la regi\u00f3n sobre gesti\u00f3n de riesgos con prevenci\u00f3n de accidentes y primeros auxilios, como parte del Programa de Seguridad y Emergencia Escolar.<\/p>\n<p>Manuel Cabral Acevedo y Jos\u00e9 Luis B\u00e1rcenas del \u00e1rea de Manejo de Emergencias, instruyeron a los representantes de preescolar hasta nivel superior para identificar riesgos en las colonias y comunidades donde se ubican sus escuelas, qu\u00e9 medidas de seguridad y prevenci\u00f3n que tomar, as\u00ed como con ense\u00f1anza b\u00e1sica en primeros auxilios.<\/p>\n<p>Cabral Acevedo destac\u00f3 que cada escuela debe implementar su unidad interna de protecci\u00f3n civil y formar brigadas b\u00e1sicas que de rigor son cuatro: Evacuaci\u00f3n de repliegue, B\u00fasqueda y rescate, Prevenci\u00f3n y combate de incendios, y Primeros auxilios.<\/p>\n<p>Para la formaci\u00f3n en este aspecto se comienza con la capacitaci\u00f3n de brigadistas hasta la culminaci\u00f3n del programa interno y un simulacro con maestros, alumnos, mantenimiento y algunos padres de familia.<\/p>\n","protected":false},"excerpt":{"rendered":"<div class=\"mh-excerpt\"><p>La Coordinaci\u00f3n Municipal de Protecci\u00f3n Civil imparti\u00f3 una capacitaci\u00f3n te\u00f3rica y pr\u00e1ctica a maestros de Telesecundaria de la regi\u00f3n sobre gesti\u00f3n de riesgos con prevenci\u00f3n <a class=\"mh-excerpt-more\" href=\"https:\/\/raicesjerezanas.com\/?p=2256\" title=\"CAPACITA PC JEREZ A DOCENTES EN MANEJO DE EMERGENCIAS\">&#8230;<\/a><\/p>\n<\/div>","protected":false},"author":1,"featured_media":2257,"comment_status":"closed","ping_status":"closed","sticky":false,"template":"","format":"standard","meta":{"footnotes":""},"categories":[],"tags":[],"class_list":["post-2256","post","type-post","status-publish","format-standard","has-post-thumbnail","hentry"],"_links":{"self":[{"href":"https:\/\/raicesjerezanas.com\/index.php?rest_route=\/wp\/v2\/posts\/2256","targetHints":{"allow":["GET"]}}],"collection":[{"href":"https:\/\/raicesjerezanas.com\/index.php?rest_route=\/wp\/v2\/posts"}],"about":[{"href":"https:\/\/raicesjerezanas.com\/index.php?rest_route=\/wp\/v2\/types\/post"}],"author":[{"embeddable":true,"href":"https:\/\/raicesjerezanas.com\/index.php?rest_route=\/wp\/v2\/users\/1"}],"replies":[{"embeddable":true,"href":"https:\/\/raicesjerezanas.com\/index.php?rest_route=%2Fwp%2Fv2%2Fcomments&post=2256"}],"version-history":[{"count":0,"href":"https:\/\/raicesjerezanas.com\/index.php?rest_route=\/wp\/v2\/posts\/2256\/revisions"}],"wp:featuredmedia":[{"embeddable":true,"href":"https:\/\/raicesjerezanas.com\/index.php?rest_route=\/wp\/v2\/media\/2257"}],"wp:attachment":[{"href":"https:\/\/raicesjerezanas.com\/index.php?rest_route=%2Fwp%2Fv2%2Fmedia&parent=2256"}],"wp:term":[{"taxonomy":"category","embeddable":true,"href":"https:\/\/raicesjerezanas.com\/index.php?rest_route=%2Fwp%2Fv2%2Fcategories&post=2256"},{"taxonomy":"post_tag","embeddable":true,"href":"https:\/\/raicesjerezanas.com\/index.php?rest_route=%2Fwp%2Fv2%2Ftags&post=2256"}],"curies":[{"name":"wp","href":"https:\/\/api.w.org\/{rel}","templated":true}]}}