{"id":22562,"date":"2023-07-03T21:37:49","date_gmt":"2023-07-04T03:37:49","guid":{"rendered":"https:\/\/enconecte.com\/?p=22562"},"modified":"2023-07-03T21:37:49","modified_gmt":"2023-07-04T03:37:49","slug":"continua-en-marcha-huerto-familiar-del-crijj","status":"publish","type":"post","link":"https:\/\/raicesjerezanas.com\/?p=22562","title":{"rendered":"CONTIN\u00daA EN MARCHA HUERTO FAMILIAR DEL CRIJJ"},"content":{"rendered":"<p>Para contribuir a la seguridad alimentaria de los sectores vulnerables, expertos en Nutrici\u00f3n del Centro de Rehabilitaci\u00f3n Infantil y Juvenil de Jerez (CRIJJ) bajo la direcci\u00f3n del DIF Municipal y su presidenta honor\u00edfica Bertha Alicia Garc\u00eda Duarte, crearon un Huerto Familiar en el que han participado ni\u00f1os y j\u00f3venes del lugar.<\/p>\n<p>Despu\u00e9s de tres meses de su inicio, el Huerto presenta a la fecha un progreso favorable y cuenta con siembra de papas, sand\u00edas, mel\u00f3n, pepino, jitomate, chiles, frijoles, ma\u00edz, zanahorias, lentejas, ejotes, hierbabuena y flores, de los cuales algunos ya se han cosechado.<\/p>\n<p>En \u00e9l cada usuario del CRIJJ con ayuda de sus familiares, aport\u00f3 semillas para generar verduras y frutas que les permitan llevar alimentos frescos a sus casas, promoviendo as\u00ed la conciencia entre los padres de familia y todas las personas posibles, sobre el beneficio de realizar este tipo de actividades.<\/p>\n<p>Esto adem\u00e1s ejemplifica c\u00f3mo todos pueden hacer un huerto con ayuda de material reciclado como botellas de pl\u00e1stico, cartones de leche, rejas o macetas y utilizando semillas de los alimentos que se consumen en casa, todo por un muy bajo costo.<\/p>\n<p>Tambi\u00e9n se busca crear consciencia sobre lo importante que es sembrar alimentos propios, y que los ni\u00f1os descubran c\u00f3mo es el proceso para que lleguen a su mesa algunos alimentos que ellos comen, que adem\u00e1s les aportan vitaminas y minerales que contribuyen a una alimentaci\u00f3n sana\u00a0y\u00a0balanceada.<\/p>\n","protected":false},"excerpt":{"rendered":"<div class=\"mh-excerpt\"><p>Para contribuir a la seguridad alimentaria de los sectores vulnerables, expertos en Nutrici\u00f3n del Centro de Rehabilitaci\u00f3n Infantil y Juvenil de Jerez (CRIJJ) bajo la <a class=\"mh-excerpt-more\" href=\"https:\/\/raicesjerezanas.com\/?p=22562\" title=\"CONTIN\u00daA EN MARCHA HUERTO FAMILIAR DEL CRIJJ\">&#8230;<\/a><\/p>\n<\/div>","protected":false},"author":1,"featured_media":22563,"comment_status":"closed","ping_status":"closed","sticky":false,"template":"","format":"standard","meta":{"footnotes":""},"categories":[102],"tags":[],"class_list":["post-22562","post","type-post","status-publish","format-standard","has-post-thumbnail","hentry","category-noticias-de-jerez"],"_links":{"self":[{"href":"https:\/\/raicesjerezanas.com\/index.php?rest_route=\/wp\/v2\/posts\/22562","targetHints":{"allow":["GET"]}}],"collection":[{"href":"https:\/\/raicesjerezanas.com\/index.php?rest_route=\/wp\/v2\/posts"}],"about":[{"href":"https:\/\/raicesjerezanas.com\/index.php?rest_route=\/wp\/v2\/types\/post"}],"author":[{"embeddable":true,"href":"https:\/\/raicesjerezanas.com\/index.php?rest_route=\/wp\/v2\/users\/1"}],"replies":[{"embeddable":true,"href":"https:\/\/raicesjerezanas.com\/index.php?rest_route=%2Fwp%2Fv2%2Fcomments&post=22562"}],"version-history":[{"count":0,"href":"https:\/\/raicesjerezanas.com\/index.php?rest_route=\/wp\/v2\/posts\/22562\/revisions"}],"wp:featuredmedia":[{"embeddable":true,"href":"https:\/\/raicesjerezanas.com\/index.php?rest_route=\/wp\/v2\/media\/22563"}],"wp:attachment":[{"href":"https:\/\/raicesjerezanas.com\/index.php?rest_route=%2Fwp%2Fv2%2Fmedia&parent=22562"}],"wp:term":[{"taxonomy":"category","embeddable":true,"href":"https:\/\/raicesjerezanas.com\/index.php?rest_route=%2Fwp%2Fv2%2Fcategories&post=22562"},{"taxonomy":"post_tag","embeddable":true,"href":"https:\/\/raicesjerezanas.com\/index.php?rest_route=%2Fwp%2Fv2%2Ftags&post=22562"}],"curies":[{"name":"wp","href":"https:\/\/api.w.org\/{rel}","templated":true}]}}