{"id":22567,"date":"2023-07-04T21:40:34","date_gmt":"2023-07-05T03:40:34","guid":{"rendered":"https:\/\/enconecte.com\/?p=22567"},"modified":"2023-07-04T21:40:34","modified_gmt":"2023-07-05T03:40:34","slug":"biblioteca-modelo-invita-al-curso-de-verano-mis-vacaciones-en-la-biblioteca-2023-en-jerez","status":"publish","type":"post","link":"https:\/\/raicesjerezanas.com\/?p=22567","title":{"rendered":"BIBLIOTECA MODELO INVITA AL CURSO DE VERANO \u201cMIS VACACIONES EN LA BIBLIOTECA 2023\u201d EN JEREZ"},"content":{"rendered":"<p>La Biblioteca Modelo \u201cRam\u00f3n L\u00f3pez Velarde\u201d y las otras 10 bibliotecas que se encuentran en la cabecera municipal y en las comunidades, invitan a padres, madres e hijos a que se inscriban al curso de verano \u201cMis vacaciones en la biblioteca 2023\u201d. Este curso est\u00e1 dirigido a ni\u00f1os de 5 a 13 a\u00f1os y se realizar\u00e1 del 17 de julio al 3 de agosto, con el objetivo de fomentar la lectura entre la infancia jerezana, como parte de las acciones del gobierno municipal 2021-2024. Los talleres son coordinados por la Direcci\u00f3n General de Bibliotecas del gobierno federal y son totalmente gratuitos.<\/p>\n<p>La responsable de la Biblioteca Modelo \u201cRam\u00f3n L\u00f3pez Velarde\u201d, Silvia Alcalde F\u00e9lix, y coordinadora general de Bibliotecas en Jerez, inform\u00f3 en una entrevista que los cursos tendr\u00e1n un horario de 10:00 a.m. a 1:00 p.m. y abordar\u00e1n los siguientes temas: \u201cPaleta de colores\u201d, \u201cGariballezca\u201d, \u201cParadero literario\u201d, \u201cMelod\u00eda del cine\u201d y \u201cLecciones de un grillo, dos lobos y m\u00e1s\u201d.<\/p>\n<p>De esta manera, los ni\u00f1os podr\u00e1n divertirse y aprender en este taller de verano que se ofrecer\u00e1 sin ning\u00fan costo. Tambi\u00e9n mencion\u00f3 que el cupo es limitado, por lo que es importante inscribirse cuanto antes.<\/p>\n<p>Para ello, Silvia Alcalde record\u00f3 a los interesados que pueden acudir a la Biblioteca Modelo, ubicada en la calle Nicol\u00e1s Bravo 3, colonia Centro, donde antes estaban las oficinas de tr\u00e1nsito del Estado en Jerez, o bien pueden hacerlo en la biblioteca m\u00e1s cercana a su domicilio\u00a0o\u00a0comunidad.<\/p>\n","protected":false},"excerpt":{"rendered":"<div class=\"mh-excerpt\"><p>La Biblioteca Modelo \u201cRam\u00f3n L\u00f3pez Velarde\u201d y las otras 10 bibliotecas que se encuentran en la cabecera municipal y en las comunidades, invitan a padres, <a class=\"mh-excerpt-more\" href=\"https:\/\/raicesjerezanas.com\/?p=22567\" title=\"BIBLIOTECA MODELO INVITA AL CURSO DE VERANO \u201cMIS VACACIONES EN LA BIBLIOTECA 2023\u201d EN JEREZ\">&#8230;<\/a><\/p>\n<\/div>","protected":false},"author":1,"featured_media":22568,"comment_status":"closed","ping_status":"closed","sticky":false,"template":"","format":"standard","meta":{"footnotes":""},"categories":[102],"tags":[],"class_list":["post-22567","post","type-post","status-publish","format-standard","has-post-thumbnail","hentry","category-noticias-de-jerez"],"_links":{"self":[{"href":"https:\/\/raicesjerezanas.com\/index.php?rest_route=\/wp\/v2\/posts\/22567","targetHints":{"allow":["GET"]}}],"collection":[{"href":"https:\/\/raicesjerezanas.com\/index.php?rest_route=\/wp\/v2\/posts"}],"about":[{"href":"https:\/\/raicesjerezanas.com\/index.php?rest_route=\/wp\/v2\/types\/post"}],"author":[{"embeddable":true,"href":"https:\/\/raicesjerezanas.com\/index.php?rest_route=\/wp\/v2\/users\/1"}],"replies":[{"embeddable":true,"href":"https:\/\/raicesjerezanas.com\/index.php?rest_route=%2Fwp%2Fv2%2Fcomments&post=22567"}],"version-history":[{"count":0,"href":"https:\/\/raicesjerezanas.com\/index.php?rest_route=\/wp\/v2\/posts\/22567\/revisions"}],"wp:featuredmedia":[{"embeddable":true,"href":"https:\/\/raicesjerezanas.com\/index.php?rest_route=\/wp\/v2\/media\/22568"}],"wp:attachment":[{"href":"https:\/\/raicesjerezanas.com\/index.php?rest_route=%2Fwp%2Fv2%2Fmedia&parent=22567"}],"wp:term":[{"taxonomy":"category","embeddable":true,"href":"https:\/\/raicesjerezanas.com\/index.php?rest_route=%2Fwp%2Fv2%2Fcategories&post=22567"},{"taxonomy":"post_tag","embeddable":true,"href":"https:\/\/raicesjerezanas.com\/index.php?rest_route=%2Fwp%2Fv2%2Ftags&post=22567"}],"curies":[{"name":"wp","href":"https:\/\/api.w.org\/{rel}","templated":true}]}}