{"id":22579,"date":"2023-07-10T21:46:12","date_gmt":"2023-07-11T03:46:12","guid":{"rendered":"https:\/\/enconecte.com\/?p=22579"},"modified":"2023-07-10T21:46:12","modified_gmt":"2023-07-11T03:46:12","slug":"dif-jerez-clausura-talleres-comunitarios-en-la-comunidad-ermita-de-guadalupe","status":"publish","type":"post","link":"https:\/\/raicesjerezanas.com\/?p=22579","title":{"rendered":"DIF JEREZ CLAUSURA TALLERES COMUNITARIOS EN LA COMUNIDAD ERMITA DE GUADALUPE"},"content":{"rendered":"<p>El DIF de Jerez llev\u00f3 a cabo el cierre de Talleres Comunitarios de la Ermita de Guadalupe, que se imparten en la localidad como una oportunidad para que sus habitantes se capaciten en el autoempleo y desarrollen o fortalezcan habilidades.<\/p>\n<p>El alcalde Jos\u00e9 Humberto Salazar Contreras, se\u00f1al\u00f3 que este tipo de Talleres frenan la coerci\u00f3n social generando ambientes de convivencia, trabajo y de valores con iniciativa de crecimiento, todo a favor de las familias y la comunidad.<\/p>\n<p>De igual forma felicit\u00f3 a los asistentes a los Talleres por su voluntad de continuar prepar\u00e1ndose y adquiriendo herramientas de mejora a su calidad de vida, invit\u00e1ndolos a poner en marcha los conocimientos aprendidos.<\/p>\n<p>Por su parte la presidenta honor\u00edfica del DIF Municipal, Berta Alicia Garc\u00eda Duarte, asegur\u00f3 que el Ayuntamiento seguir\u00e1 cerca de las familias, fomentando el autoempleo y el crecimiento de la econom\u00eda de los hogares jerezanos por medio de diversas acciones y programas.<\/p>\n<p><a href=\"https:\/\/enconecte.com\/wp-content\/uploads\/2023\/07\/Imagen-de-WhatsApp-2023-07-10-a-las-12.38.53.jpg\"><img loading=\"lazy\" decoding=\"async\" class=\"alignnone size-full wp-image-22581\" src=\"https:\/\/enconecte.com\/wp-content\/uploads\/2023\/07\/Imagen-de-WhatsApp-2023-07-10-a-las-12.38.53.jpg\" alt=\"\" width=\"1280\" height=\"853\" srcset=\"https:\/\/raicesjerezanas.com\/wp-content\/uploads\/2023\/07\/Imagen-de-WhatsApp-2023-07-10-a-las-12.38.53.jpg 1280w, https:\/\/raicesjerezanas.com\/wp-content\/uploads\/2023\/07\/Imagen-de-WhatsApp-2023-07-10-a-las-12.38.53-300x200.jpg 300w, https:\/\/raicesjerezanas.com\/wp-content\/uploads\/2023\/07\/Imagen-de-WhatsApp-2023-07-10-a-las-12.38.53-1024x682.jpg 1024w, https:\/\/raicesjerezanas.com\/wp-content\/uploads\/2023\/07\/Imagen-de-WhatsApp-2023-07-10-a-las-12.38.53-768x512.jpg 768w\" sizes=\"auto, (max-width: 1280px) 100vw, 1280px\" \/><\/a><\/p>\n<p>En presencia de la titular de la Jefatura Operativa que dirige los Talleres del DIF, Erika Judith Lozano Acevedo, y la promotora del Centro de Desarrollo Comunitario (CDC) del lugar, Lidia Murillo Botello, se dio cierre a los Talleres de Cocina Gastron\u00f3mica Mexicana, Corte y Confecci\u00f3n, Belleza, Talabarter\u00eda, Defensa Personal, adem\u00e1s de Alcanc\u00edas y Pi\u00f1atas.<\/p>\n<p>El evento cont\u00f3 con muestras de los trabajo realizados por los alumnos, a trav\u00e9s de coloridas pasarelas, una interesante presentaci\u00f3n de defensa personal y nutridos m\u00f3dulos de exhibici\u00f3n\u00a0de\u00a0productos.<\/p>\n","protected":false},"excerpt":{"rendered":"<div class=\"mh-excerpt\"><p>El DIF de Jerez llev\u00f3 a cabo el cierre de Talleres Comunitarios de la Ermita de Guadalupe, que se imparten en la localidad como una <a class=\"mh-excerpt-more\" href=\"https:\/\/raicesjerezanas.com\/?p=22579\" title=\"DIF JEREZ CLAUSURA TALLERES COMUNITARIOS EN LA COMUNIDAD ERMITA DE GUADALUPE\">&#8230;<\/a><\/p>\n<\/div>","protected":false},"author":1,"featured_media":22580,"comment_status":"closed","ping_status":"closed","sticky":false,"template":"","format":"standard","meta":{"footnotes":""},"categories":[102],"tags":[],"class_list":["post-22579","post","type-post","status-publish","format-standard","has-post-thumbnail","hentry","category-noticias-de-jerez"],"_links":{"self":[{"href":"https:\/\/raicesjerezanas.com\/index.php?rest_route=\/wp\/v2\/posts\/22579","targetHints":{"allow":["GET"]}}],"collection":[{"href":"https:\/\/raicesjerezanas.com\/index.php?rest_route=\/wp\/v2\/posts"}],"about":[{"href":"https:\/\/raicesjerezanas.com\/index.php?rest_route=\/wp\/v2\/types\/post"}],"author":[{"embeddable":true,"href":"https:\/\/raicesjerezanas.com\/index.php?rest_route=\/wp\/v2\/users\/1"}],"replies":[{"embeddable":true,"href":"https:\/\/raicesjerezanas.com\/index.php?rest_route=%2Fwp%2Fv2%2Fcomments&post=22579"}],"version-history":[{"count":0,"href":"https:\/\/raicesjerezanas.com\/index.php?rest_route=\/wp\/v2\/posts\/22579\/revisions"}],"wp:featuredmedia":[{"embeddable":true,"href":"https:\/\/raicesjerezanas.com\/index.php?rest_route=\/wp\/v2\/media\/22580"}],"wp:attachment":[{"href":"https:\/\/raicesjerezanas.com\/index.php?rest_route=%2Fwp%2Fv2%2Fmedia&parent=22579"}],"wp:term":[{"taxonomy":"category","embeddable":true,"href":"https:\/\/raicesjerezanas.com\/index.php?rest_route=%2Fwp%2Fv2%2Fcategories&post=22579"},{"taxonomy":"post_tag","embeddable":true,"href":"https:\/\/raicesjerezanas.com\/index.php?rest_route=%2Fwp%2Fv2%2Ftags&post=22579"}],"curies":[{"name":"wp","href":"https:\/\/api.w.org\/{rel}","templated":true}]}}