{"id":2258,"date":"2019-10-07T17:31:52","date_gmt":"2019-10-07T22:31:52","guid":{"rendered":"https:\/\/raicesjerezanas.com\/?p=2258"},"modified":"2019-10-07T17:31:52","modified_gmt":"2019-10-07T22:31:52","slug":"inician-trabajos-de-limpia-en-panteones-municipales-de-jerez","status":"publish","type":"post","link":"https:\/\/raicesjerezanas.com\/?p=2258","title":{"rendered":"INICIAN TRABAJOS DE LIMPIA EN PANTEONES MUNICIPALES DE JEREZ"},"content":{"rendered":"<p>La Direcci\u00f3n de Obras y Servicios P\u00fablicos del Ayuntamiento de Jerez inici\u00f3 con los trabajos de limpieza en los panteones municipales rumbo a los pr\u00f3ximos festejos del D\u00eda de Muertos.<\/p>\n<p>Heber de la Cruz, Subdirector de Servicios P\u00fablicos, anunci\u00f3 que la indicaci\u00f3n del Presidente Municipal Antonio Aceves S\u00e1nchez, es realizar las reparaciones pertinentes para que los cementerios queden limpios y ofrecer un buen servicio para esos d\u00edas en un ambiente seguro.<\/p>\n<p>Los trabajos consistir\u00e1n en la limpieza de maleza de los accesos a las tumbas, remoci\u00f3n de coronas y arreglos forales en mal estado, adem\u00e1s de la pinta de se\u00f1al\u00e9ticas viales cercanas.<\/p>\n<p>Asimismo se emprender\u00e1 la reparaci\u00f3n de luminarias, ba\u00f1os p\u00fablicos, se colocar\u00e1 agua potable para el lavado de l\u00e1pidas y a su vez, las cuadrillas de trabajo comenzar\u00e1n con los trabajos de bacheo pertinentes en los accesos principales.<\/p>\n<p>El funcionario municipal coment\u00f3 que los trabajos quedar\u00e1n concluidos en no m\u00e1s de tres semanas, adem\u00e1s que en las labores participar\u00e1n las \u00e1reas de Parques y Jardines, Limpia y Bacheo.<\/p>\n","protected":false},"excerpt":{"rendered":"<div class=\"mh-excerpt\"><p>La Direcci\u00f3n de Obras y Servicios P\u00fablicos del Ayuntamiento de Jerez inici\u00f3 con los trabajos de limpieza en los panteones municipales rumbo a los pr\u00f3ximos <a class=\"mh-excerpt-more\" href=\"https:\/\/raicesjerezanas.com\/?p=2258\" title=\"INICIAN TRABAJOS DE LIMPIA EN PANTEONES MUNICIPALES DE JEREZ\">&#8230;<\/a><\/p>\n<\/div>","protected":false},"author":1,"featured_media":2259,"comment_status":"closed","ping_status":"closed","sticky":false,"template":"","format":"standard","meta":{"footnotes":""},"categories":[],"tags":[],"class_list":["post-2258","post","type-post","status-publish","format-standard","has-post-thumbnail","hentry"],"_links":{"self":[{"href":"https:\/\/raicesjerezanas.com\/index.php?rest_route=\/wp\/v2\/posts\/2258","targetHints":{"allow":["GET"]}}],"collection":[{"href":"https:\/\/raicesjerezanas.com\/index.php?rest_route=\/wp\/v2\/posts"}],"about":[{"href":"https:\/\/raicesjerezanas.com\/index.php?rest_route=\/wp\/v2\/types\/post"}],"author":[{"embeddable":true,"href":"https:\/\/raicesjerezanas.com\/index.php?rest_route=\/wp\/v2\/users\/1"}],"replies":[{"embeddable":true,"href":"https:\/\/raicesjerezanas.com\/index.php?rest_route=%2Fwp%2Fv2%2Fcomments&post=2258"}],"version-history":[{"count":0,"href":"https:\/\/raicesjerezanas.com\/index.php?rest_route=\/wp\/v2\/posts\/2258\/revisions"}],"wp:featuredmedia":[{"embeddable":true,"href":"https:\/\/raicesjerezanas.com\/index.php?rest_route=\/wp\/v2\/media\/2259"}],"wp:attachment":[{"href":"https:\/\/raicesjerezanas.com\/index.php?rest_route=%2Fwp%2Fv2%2Fmedia&parent=2258"}],"wp:term":[{"taxonomy":"category","embeddable":true,"href":"https:\/\/raicesjerezanas.com\/index.php?rest_route=%2Fwp%2Fv2%2Fcategories&post=2258"},{"taxonomy":"post_tag","embeddable":true,"href":"https:\/\/raicesjerezanas.com\/index.php?rest_route=%2Fwp%2Fv2%2Ftags&post=2258"}],"curies":[{"name":"wp","href":"https:\/\/api.w.org\/{rel}","templated":true}]}}