{"id":22584,"date":"2023-07-10T21:48:06","date_gmt":"2023-07-11T03:48:06","guid":{"rendered":"https:\/\/enconecte.com\/?p=22584"},"modified":"2023-07-10T21:48:06","modified_gmt":"2023-07-11T03:48:06","slug":"continua-servicio-oftalmologico-accesible-en-el-dif-de-jerez","status":"publish","type":"post","link":"https:\/\/raicesjerezanas.com\/?p=22584","title":{"rendered":"CONTIN\u00daA SERVICIO OFTALMOL\u00d3GICO ACCESIBLE EN EL DIF DE JEREZ"},"content":{"rendered":"<p>El DIF de Jerez, que dirige la presidenta honor\u00edfica Bertha Alicia Garc\u00eda, contin\u00faa ofreciendo a la ciudadan\u00eda el servicio de Oftalmolog\u00eda con consultas gratuitas, donaciones y aparatos a bajo costo. d<\/p>\n<p>Con atenci\u00f3n a ni\u00f1os, j\u00f3venes y adultos en situaci\u00f3n vulnerable, este servicio semanal qu\u00e9 se brinda de la mano de \u00d3ptica Proyecta, representa una oportunidad para la poblaci\u00f3n de cuidar su salud visual de forma accesible.<\/p>\n<p>A su vez quienes se encuentren en situaci\u00f3n de alta vulnerabilidad, pueden adquirir lentes de forma gratuita, acudiendo al DIF a exponer su caso personal.<\/p>\n<p>La atenci\u00f3n se brinda cada viernes de 10:00 de la ma\u00f1ana a 3:00 de la tarde, con una amplia variedad de estilos en aparatos visuales\u00a0a\u00a0escoger.<\/p>\n","protected":false},"excerpt":{"rendered":"<div class=\"mh-excerpt\"><p>El DIF de Jerez, que dirige la presidenta honor\u00edfica Bertha Alicia Garc\u00eda, contin\u00faa ofreciendo a la ciudadan\u00eda el servicio de Oftalmolog\u00eda con consultas gratuitas, donaciones <a class=\"mh-excerpt-more\" href=\"https:\/\/raicesjerezanas.com\/?p=22584\" title=\"CONTIN\u00daA SERVICIO OFTALMOL\u00d3GICO ACCESIBLE EN EL DIF DE JEREZ\">&#8230;<\/a><\/p>\n<\/div>","protected":false},"author":1,"featured_media":22585,"comment_status":"closed","ping_status":"closed","sticky":false,"template":"","format":"standard","meta":{"footnotes":""},"categories":[102],"tags":[],"class_list":["post-22584","post","type-post","status-publish","format-standard","has-post-thumbnail","hentry","category-noticias-de-jerez"],"_links":{"self":[{"href":"https:\/\/raicesjerezanas.com\/index.php?rest_route=\/wp\/v2\/posts\/22584","targetHints":{"allow":["GET"]}}],"collection":[{"href":"https:\/\/raicesjerezanas.com\/index.php?rest_route=\/wp\/v2\/posts"}],"about":[{"href":"https:\/\/raicesjerezanas.com\/index.php?rest_route=\/wp\/v2\/types\/post"}],"author":[{"embeddable":true,"href":"https:\/\/raicesjerezanas.com\/index.php?rest_route=\/wp\/v2\/users\/1"}],"replies":[{"embeddable":true,"href":"https:\/\/raicesjerezanas.com\/index.php?rest_route=%2Fwp%2Fv2%2Fcomments&post=22584"}],"version-history":[{"count":0,"href":"https:\/\/raicesjerezanas.com\/index.php?rest_route=\/wp\/v2\/posts\/22584\/revisions"}],"wp:featuredmedia":[{"embeddable":true,"href":"https:\/\/raicesjerezanas.com\/index.php?rest_route=\/wp\/v2\/media\/22585"}],"wp:attachment":[{"href":"https:\/\/raicesjerezanas.com\/index.php?rest_route=%2Fwp%2Fv2%2Fmedia&parent=22584"}],"wp:term":[{"taxonomy":"category","embeddable":true,"href":"https:\/\/raicesjerezanas.com\/index.php?rest_route=%2Fwp%2Fv2%2Fcategories&post=22584"},{"taxonomy":"post_tag","embeddable":true,"href":"https:\/\/raicesjerezanas.com\/index.php?rest_route=%2Fwp%2Fv2%2Ftags&post=22584"}],"curies":[{"name":"wp","href":"https:\/\/api.w.org\/{rel}","templated":true}]}}