{"id":22588,"date":"2023-07-11T21:49:43","date_gmt":"2023-07-12T03:49:43","guid":{"rendered":"https:\/\/enconecte.com\/?p=22588"},"modified":"2023-07-11T21:49:43","modified_gmt":"2023-07-12T03:49:43","slug":"dan-banderazo-de-arranque-a-la-construccion-de-cerco-perimetral-para-nuevo-parque-vehicular-en-jerez","status":"publish","type":"post","link":"https:\/\/raicesjerezanas.com\/?p=22588","title":{"rendered":"DAN BANDERAZO DE ARRANQUE A LA CONSTRUCCI\u00d3N DE CERCO PERIMETRAL PARA NUEVO PARQUE VEHICULAR EN JEREZ"},"content":{"rendered":"<p>Con una inversi\u00f3n de $641,952.10 totalmente municipal, se dio inicio a la construcci\u00f3n del cerco perimetral para el nuevo parque vehicular en Jerez. Este proyecto tiene como objetivo ahorrar a largo plazo en el pago de renta.<\/p>\n<p>Jerez, Zac.- El banderazo oficial de la construcci\u00f3n del cerco perimetral para el nuevo parque vehicular, que reemplazar\u00e1 al ubicado en la calle Ray\u00f3n, Centro, el cual actualmente se encuentra arrendado, tuvo lugar en el auditorio Genaro Borrego Estrada, donde ya se ubican algunas oficinas gubernamentales de la administraci\u00f3n municipal 2021-2024.<\/p>\n<p>Antes de iniciar los trabajos con la maquinaria municipal, el Arq. Alfredo Mar\u00edn Luna, director de Obras y Servicios P\u00fablicos, explic\u00f3 las especificaciones de esta obra, que busca no solo ahorrar recursos, sino tambi\u00e9n brindar un mayor control en el resguardo vehicular. Adem\u00e1s, esta zona contar\u00e1 con vigilancia conectada al C4 para prevenir el mal uso y la vandalizaci\u00f3n.<\/p>\n<p>Por otro lado, el Dr. Jos\u00e9 Humberto Salazar Contreras, alcalde de Jerez, mencion\u00f3 que esta obra representa un paso m\u00e1s hacia el objetivo de la administraci\u00f3n, que comenz\u00f3 con la reubicaci\u00f3n de las oficinas de lugares alquilados y en malas condiciones hacia propiedades en la parte sur de Jerez, donde se est\u00e1 planeando la Ciudad Gobierno. Esto se traducir\u00e1 en una nueva reorganizaci\u00f3n administrativa del municipio.<\/p>\n<p>Junto al Lic. Yosafat de la Torre, director de Desarrollo Econ\u00f3mico y Social, al Mtro. Marco Antonio Valenzuela Esquivel, director del SIMAPAJ, al Ing. Gustavo Barajas Garay, subdirector de Obras P\u00fablicas, y a Jaime Mart\u00ednez Saldivar, subdirector de Servicios P\u00fablicos, se dio inicio a los trabajos de construcci\u00f3n del nuevo cerco perimetral con el banderazo\u00a0de\u00a0arranque.<\/p>\n","protected":false},"excerpt":{"rendered":"<div class=\"mh-excerpt\"><p>Con una inversi\u00f3n de $641,952.10 totalmente municipal, se dio inicio a la construcci\u00f3n del cerco perimetral para el nuevo parque vehicular en Jerez. Este proyecto <a class=\"mh-excerpt-more\" href=\"https:\/\/raicesjerezanas.com\/?p=22588\" title=\"DAN BANDERAZO DE ARRANQUE A LA CONSTRUCCI\u00d3N DE CERCO PERIMETRAL PARA NUEVO PARQUE VEHICULAR EN JEREZ\">&#8230;<\/a><\/p>\n<\/div>","protected":false},"author":1,"featured_media":22589,"comment_status":"closed","ping_status":"closed","sticky":false,"template":"","format":"standard","meta":{"footnotes":""},"categories":[102],"tags":[],"class_list":["post-22588","post","type-post","status-publish","format-standard","has-post-thumbnail","hentry","category-noticias-de-jerez"],"_links":{"self":[{"href":"https:\/\/raicesjerezanas.com\/index.php?rest_route=\/wp\/v2\/posts\/22588","targetHints":{"allow":["GET"]}}],"collection":[{"href":"https:\/\/raicesjerezanas.com\/index.php?rest_route=\/wp\/v2\/posts"}],"about":[{"href":"https:\/\/raicesjerezanas.com\/index.php?rest_route=\/wp\/v2\/types\/post"}],"author":[{"embeddable":true,"href":"https:\/\/raicesjerezanas.com\/index.php?rest_route=\/wp\/v2\/users\/1"}],"replies":[{"embeddable":true,"href":"https:\/\/raicesjerezanas.com\/index.php?rest_route=%2Fwp%2Fv2%2Fcomments&post=22588"}],"version-history":[{"count":0,"href":"https:\/\/raicesjerezanas.com\/index.php?rest_route=\/wp\/v2\/posts\/22588\/revisions"}],"wp:featuredmedia":[{"embeddable":true,"href":"https:\/\/raicesjerezanas.com\/index.php?rest_route=\/wp\/v2\/media\/22589"}],"wp:attachment":[{"href":"https:\/\/raicesjerezanas.com\/index.php?rest_route=%2Fwp%2Fv2%2Fmedia&parent=22588"}],"wp:term":[{"taxonomy":"category","embeddable":true,"href":"https:\/\/raicesjerezanas.com\/index.php?rest_route=%2Fwp%2Fv2%2Fcategories&post=22588"},{"taxonomy":"post_tag","embeddable":true,"href":"https:\/\/raicesjerezanas.com\/index.php?rest_route=%2Fwp%2Fv2%2Ftags&post=22588"}],"curies":[{"name":"wp","href":"https:\/\/api.w.org\/{rel}","templated":true}]}}