{"id":22593,"date":"2023-07-11T21:51:35","date_gmt":"2023-07-12T03:51:35","guid":{"rendered":"https:\/\/enconecte.com\/?p=22593"},"modified":"2023-07-11T21:51:35","modified_gmt":"2023-07-12T03:51:35","slug":"cierran-ciclo-guarderia-y-caics-del-dif-jerez","status":"publish","type":"post","link":"https:\/\/raicesjerezanas.com\/?p=22593","title":{"rendered":"CIERRAN CICLO GUARDER\u00cdA Y CAICS DEL DIF JEREZ"},"content":{"rendered":"<p>Con un emotivo y colorido evento, el DIF Jerez clausur\u00f3 el ciclo escolar de la guarder\u00eda \u201cMar\u00eda Guadalupe Campos Navarro\u201d y los Centros de Atenci\u00f3n Infantil Comunitarios (CAIC), despidiendo a 27 ni\u00f1os graduados en su etapa educativa inicial y preescolar.<\/p>\n<p>La presidenta honor\u00edfica del Sistema, Bertha Alicia Garc\u00eda Duarte, agradeci\u00f3 a los padres y a las familias que confiaron en ambas instituciones del DIF la educaci\u00f3n de sus hijos donde reiter\u00f3 crecieron, aprendieron y experimentaron en un entorno lleno de amor, cuidado y atenci\u00f3n.<\/p>\n<p>A los graduados les reconoci\u00f3 su capacidad de alcanzar peque\u00f1as pero importantes metas, a sus padres el amor y el apoyo incondicional a sus hijos, mientras que a las orientadoras felicit\u00f3 por dejar una huella favorable en el coraz\u00f3n y mente de sus alumnos asignados.<\/p>\n<p>En presencia de la directora del DIF, Jessica Cuevas Cuevas, y de la titular de la Jefatura Operativa, Erika Judith Lozano Acevedo, se exhibi\u00f3 un programa lleno de talento y alegr\u00eda por parte de los festejados, que cautiv\u00f3 y gener\u00f3 ternura entre los asistentes.<\/p>\n<p>Los estudiantes de los CAICs pertenecientes a las comunidades Los Mota, La Orde\u00f1a, El Porvenir, Tetillas y Los Rodarte, hicieron gala de sus habilidades a trav\u00e9s de las presentaciones a ritmo de la Boda del Huitlacoche, el Pato Asado, la Patita Lul\u00fa, y una poes\u00eda de despedida.<\/p>\n<p>Por su parte los infantes de las Salas 1 y 2 de la guarder\u00eda, presentaron la ronda Sube y Baja,<br \/>\nadem\u00e1s de la coreograf\u00eda Ruby Cowboy, previo a la entrega de reconocimientos tanto a los graduados como\u00a0a\u00a0sus\u00a0maestras.<\/p>\n","protected":false},"excerpt":{"rendered":"<div class=\"mh-excerpt\"><p>Con un emotivo y colorido evento, el DIF Jerez clausur\u00f3 el ciclo escolar de la guarder\u00eda \u201cMar\u00eda Guadalupe Campos Navarro\u201d y los Centros de Atenci\u00f3n <a class=\"mh-excerpt-more\" href=\"https:\/\/raicesjerezanas.com\/?p=22593\" title=\"CIERRAN CICLO GUARDER\u00cdA Y CAICS DEL DIF JEREZ\">&#8230;<\/a><\/p>\n<\/div>","protected":false},"author":1,"featured_media":22594,"comment_status":"closed","ping_status":"closed","sticky":false,"template":"","format":"standard","meta":{"footnotes":""},"categories":[102],"tags":[],"class_list":["post-22593","post","type-post","status-publish","format-standard","has-post-thumbnail","hentry","category-noticias-de-jerez"],"_links":{"self":[{"href":"https:\/\/raicesjerezanas.com\/index.php?rest_route=\/wp\/v2\/posts\/22593","targetHints":{"allow":["GET"]}}],"collection":[{"href":"https:\/\/raicesjerezanas.com\/index.php?rest_route=\/wp\/v2\/posts"}],"about":[{"href":"https:\/\/raicesjerezanas.com\/index.php?rest_route=\/wp\/v2\/types\/post"}],"author":[{"embeddable":true,"href":"https:\/\/raicesjerezanas.com\/index.php?rest_route=\/wp\/v2\/users\/1"}],"replies":[{"embeddable":true,"href":"https:\/\/raicesjerezanas.com\/index.php?rest_route=%2Fwp%2Fv2%2Fcomments&post=22593"}],"version-history":[{"count":0,"href":"https:\/\/raicesjerezanas.com\/index.php?rest_route=\/wp\/v2\/posts\/22593\/revisions"}],"wp:featuredmedia":[{"embeddable":true,"href":"https:\/\/raicesjerezanas.com\/index.php?rest_route=\/wp\/v2\/media\/22594"}],"wp:attachment":[{"href":"https:\/\/raicesjerezanas.com\/index.php?rest_route=%2Fwp%2Fv2%2Fmedia&parent=22593"}],"wp:term":[{"taxonomy":"category","embeddable":true,"href":"https:\/\/raicesjerezanas.com\/index.php?rest_route=%2Fwp%2Fv2%2Fcategories&post=22593"},{"taxonomy":"post_tag","embeddable":true,"href":"https:\/\/raicesjerezanas.com\/index.php?rest_route=%2Fwp%2Fv2%2Ftags&post=22593"}],"curies":[{"name":"wp","href":"https:\/\/api.w.org\/{rel}","templated":true}]}}