{"id":22597,"date":"2023-07-12T21:53:31","date_gmt":"2023-07-13T03:53:31","guid":{"rendered":"https:\/\/enconecte.com\/?p=22597"},"modified":"2023-07-12T21:53:31","modified_gmt":"2023-07-13T03:53:31","slug":"dif-jerez-culmina-ciclo-de-platicas-psicologicas-en-telesecundarias","status":"publish","type":"post","link":"https:\/\/raicesjerezanas.com\/?p=22597","title":{"rendered":"DIF JEREZ CULMINA CICLO DE PL\u00c1TICAS PSICOL\u00d3GICAS EN TELESECUNDARIAS"},"content":{"rendered":"<p>La salud integral de ni\u00f1os y j\u00f3venes jerezanos, ha sido el eje principal de acciones por parte del DIF Jerez que dirige la presidenta honor\u00edfica, Bertha Alicia Garc\u00eda Duarte, por lo que est\u00e9 ciclo escolar llev\u00f3 pl\u00e1ticas psicol\u00f3gicas preventivas de problemas sociales, a 192 alumnos de telesecundarias.<\/p>\n<p>Siguiendo las pautas y programas del DIF Estatal, el Sistema municipal acudi\u00f3 a telesecundarias de la Zona Escolar N\u00famero 4, para promover la salud mental en sus estudiantes.<\/p>\n<p>La titular de la Jefatura de Salud del DIF Jerez, Marcela Gonz\u00e1lez Valdez, expres\u00f3 en el mensaje de cierre de esta actividad, la necesidad de respaldar a los menores ante un escenario mundial adverso, haciendo un frente com\u00fan cuyo escudo sean los valores y la salud integral.<\/p>\n<p>Enfatiz\u00f3 que esa ha sido una de las metas del gobierno del Doctor Jos\u00e9 Humberto Salazar Contreras, sin embargo requiere la ayuda de la sociedad para hacerla realidad por lo que expres\u00f3 \u201cpongamos nuestro granito de arena; todos nos necesitamos y solo juntos podremos lograrlo\u201d.<\/p>\n<p>En ese sentido durante el ciclo escolar 2022-2023, personal de Psicolog\u00eda del Sistema recorri\u00f3 las telesecundarias de las comunidades Santa Rita, Lo de Luna, La Gavia, La Labor, El Moral, Tanque de San Juan, Colonia Benito Ju\u00e1rez y algunas de la cabecera.<\/p>\n<p>En ellas expusieron temas de conocimiento, valoraci\u00f3n y control de emociones, as\u00ed como de prevenci\u00f3n de embarazos, de acoso escolar, depresi\u00f3n, y de adicciones.<\/p>\n<p>Las mismas culminaron en la telesecundaria Fuensanta, con el recibimiento del director Jos\u00e9 Antonio Luna Garc\u00eda, el asesor t\u00e9cnico pedag\u00f3gico de la Supervisi\u00f3n de la Zona Escolar N\u00famero 4, Pablo Ba\u00f1uelos Mart\u00ednez, y la representante de la Regi\u00f3n Educativa 8 Federal, Lidia Hern\u00e1ndez\u00a0M\u00e1rquez.<\/p>\n","protected":false},"excerpt":{"rendered":"<div class=\"mh-excerpt\"><p>La salud integral de ni\u00f1os y j\u00f3venes jerezanos, ha sido el eje principal de acciones por parte del DIF Jerez que dirige la presidenta honor\u00edfica, <a class=\"mh-excerpt-more\" href=\"https:\/\/raicesjerezanas.com\/?p=22597\" title=\"DIF JEREZ CULMINA CICLO DE PL\u00c1TICAS PSICOL\u00d3GICAS EN TELESECUNDARIAS\">&#8230;<\/a><\/p>\n<\/div>","protected":false},"author":1,"featured_media":22598,"comment_status":"closed","ping_status":"closed","sticky":false,"template":"","format":"standard","meta":{"footnotes":""},"categories":[102],"tags":[],"class_list":["post-22597","post","type-post","status-publish","format-standard","has-post-thumbnail","hentry","category-noticias-de-jerez"],"_links":{"self":[{"href":"https:\/\/raicesjerezanas.com\/index.php?rest_route=\/wp\/v2\/posts\/22597","targetHints":{"allow":["GET"]}}],"collection":[{"href":"https:\/\/raicesjerezanas.com\/index.php?rest_route=\/wp\/v2\/posts"}],"about":[{"href":"https:\/\/raicesjerezanas.com\/index.php?rest_route=\/wp\/v2\/types\/post"}],"author":[{"embeddable":true,"href":"https:\/\/raicesjerezanas.com\/index.php?rest_route=\/wp\/v2\/users\/1"}],"replies":[{"embeddable":true,"href":"https:\/\/raicesjerezanas.com\/index.php?rest_route=%2Fwp%2Fv2%2Fcomments&post=22597"}],"version-history":[{"count":0,"href":"https:\/\/raicesjerezanas.com\/index.php?rest_route=\/wp\/v2\/posts\/22597\/revisions"}],"wp:featuredmedia":[{"embeddable":true,"href":"https:\/\/raicesjerezanas.com\/index.php?rest_route=\/wp\/v2\/media\/22598"}],"wp:attachment":[{"href":"https:\/\/raicesjerezanas.com\/index.php?rest_route=%2Fwp%2Fv2%2Fmedia&parent=22597"}],"wp:term":[{"taxonomy":"category","embeddable":true,"href":"https:\/\/raicesjerezanas.com\/index.php?rest_route=%2Fwp%2Fv2%2Fcategories&post=22597"},{"taxonomy":"post_tag","embeddable":true,"href":"https:\/\/raicesjerezanas.com\/index.php?rest_route=%2Fwp%2Fv2%2Ftags&post=22597"}],"curies":[{"name":"wp","href":"https:\/\/api.w.org\/{rel}","templated":true}]}}