{"id":22610,"date":"2023-07-16T16:03:00","date_gmt":"2023-07-16T22:03:00","guid":{"rendered":"https:\/\/enconecte.com\/?p=22610"},"modified":"2023-07-16T16:03:00","modified_gmt":"2023-07-16T22:03:00","slug":"celebra-aniversario-28-aniversario-de-fcuzi-con-la-asistencia-de-los-alcalde-de-jerez-y-aurora","status":"publish","type":"post","link":"https:\/\/raicesjerezanas.com\/?p=22610","title":{"rendered":"CELEBRA ANIVERSARIO 28 ANIVERSARIO DE FCUZI CON LA ASISTENCIA DE LOS ALCALDE DE JEREZ Y AURORA"},"content":{"rendered":"<p>CELEBRA ANIVERSARIO 28 ANIVERSARIO DE LA FEDERACI\u00d3N DE CLUBES UNIDOS DE ZACATECAS EN ILLINOIS CON LA ASISTENCIA DE LOS ALCALDE DE JEREZ Y AURORA<\/p>\n<p>En la Celebraci\u00f3n del 28 aniversario de la Federaci\u00f3n de Clubes Unidos de Zacatecas en Illinois (FCUZI), destacadas personalidades se unieron para celebrar y fortalecer los lazos entre las comunidades de Zacatecas y Aurora, Illinois.<\/p>\n<p>El Alcalde de Aurora, Illinois, Richard Irving, la Primera Dama de Aurora, Laura Ayala, y el Vicealcalde, Guillermo &#8216;Memo&#8217; Trujillo, asistieron como invitados del Dr. Jos\u00e9 Humberto Salazar Contreras, alcalde de Jerez, Zacatecas. Durante el encuentro, el Vicealcalde Trujillo confirm\u00f3 su asistencia a la Segunda Semana del Migrante que se llevar\u00e1 a cabo en Jerez, Zacatecas.<\/p>\n<p>Adem\u00e1s, se anunci\u00f3 que el Alcalde Richard Irving y el Vicealcalde Guillermo Trujillo realizar\u00e1n donaciones de equipos para los elementos de Seguridad P\u00fablica, as\u00ed como un programa de capacitaci\u00f3n para los municipios de Jerez, Antolinga y Juchipila. Estas acciones se llevan a cabo gracias a la gesti\u00f3n del Alcalde de Jerez, Jos\u00e9 Humberto Salazar Contreras, y al apoyo del Vicealcalde de ra\u00edces jerezanas, Memo Trujillo, quien enfatiz\u00f3 su disposici\u00f3n y voluntad para colaborar con los municipios de Zacatecas y, en particular, con Jerez.<\/p>\n<p><a href=\"https:\/\/enconecte.com\/wp-content\/uploads\/2023\/07\/Imagen-de-WhatsApp-2023-07-16-a-las-15.06.37.jpg\"><img loading=\"lazy\" decoding=\"async\" class=\"alignnone size-full wp-image-22604\" src=\"https:\/\/enconecte.com\/wp-content\/uploads\/2023\/07\/Imagen-de-WhatsApp-2023-07-16-a-las-15.06.37.jpg\" alt=\"\" width=\"768\" height=\"1024\" srcset=\"https:\/\/raicesjerezanas.com\/wp-content\/uploads\/2023\/07\/Imagen-de-WhatsApp-2023-07-16-a-las-15.06.37.jpg 768w, https:\/\/raicesjerezanas.com\/wp-content\/uploads\/2023\/07\/Imagen-de-WhatsApp-2023-07-16-a-las-15.06.37-225x300.jpg 225w\" sizes=\"auto, (max-width: 768px) 100vw, 768px\" \/><\/a><\/p>\n<p>Durante el evento, Richard Irving y Le Roy Barrag\u00e1n, Secretario Estatal de Turismo, tuvieron el honor de coronar a Alondra Hern\u00e1ndez como Se\u00f1orita Zacatecas FCUZI 2023, en un reconocimiento a su destacada participaci\u00f3n y representaci\u00f3n de la comunidad.<\/p>\n<p>Asimismo, Jesus Padilla, presidente de la FCUZI, y Le Roy Barrag\u00e1n, en representaci\u00f3n del gobernador del estado de Zacatecas, abanderaron a dos nuevos clubes, entre ellos el de la comunidad de La Gavia, fortaleciendo as\u00ed la presencia y la uni\u00f3n de las comunidades zacatecanas\u00a0en\u00a0Illinois.<\/p>\n","protected":false},"excerpt":{"rendered":"<div class=\"mh-excerpt\"><p>CELEBRA ANIVERSARIO 28 ANIVERSARIO DE LA FEDERACI\u00d3N DE CLUBES UNIDOS DE ZACATECAS EN ILLINOIS CON LA ASISTENCIA DE LOS ALCALDE DE JEREZ Y AURORA En <a class=\"mh-excerpt-more\" href=\"https:\/\/raicesjerezanas.com\/?p=22610\" title=\"CELEBRA ANIVERSARIO 28 ANIVERSARIO DE FCUZI CON LA ASISTENCIA DE LOS ALCALDE DE JEREZ Y AURORA\">&#8230;<\/a><\/p>\n<\/div>","protected":false},"author":1,"featured_media":22603,"comment_status":"closed","ping_status":"closed","sticky":false,"template":"","format":"standard","meta":{"footnotes":""},"categories":[102],"tags":[],"class_list":["post-22610","post","type-post","status-publish","format-standard","has-post-thumbnail","hentry","category-noticias-de-jerez"],"_links":{"self":[{"href":"https:\/\/raicesjerezanas.com\/index.php?rest_route=\/wp\/v2\/posts\/22610","targetHints":{"allow":["GET"]}}],"collection":[{"href":"https:\/\/raicesjerezanas.com\/index.php?rest_route=\/wp\/v2\/posts"}],"about":[{"href":"https:\/\/raicesjerezanas.com\/index.php?rest_route=\/wp\/v2\/types\/post"}],"author":[{"embeddable":true,"href":"https:\/\/raicesjerezanas.com\/index.php?rest_route=\/wp\/v2\/users\/1"}],"replies":[{"embeddable":true,"href":"https:\/\/raicesjerezanas.com\/index.php?rest_route=%2Fwp%2Fv2%2Fcomments&post=22610"}],"version-history":[{"count":0,"href":"https:\/\/raicesjerezanas.com\/index.php?rest_route=\/wp\/v2\/posts\/22610\/revisions"}],"wp:featuredmedia":[{"embeddable":true,"href":"https:\/\/raicesjerezanas.com\/index.php?rest_route=\/wp\/v2\/media\/22603"}],"wp:attachment":[{"href":"https:\/\/raicesjerezanas.com\/index.php?rest_route=%2Fwp%2Fv2%2Fmedia&parent=22610"}],"wp:term":[{"taxonomy":"category","embeddable":true,"href":"https:\/\/raicesjerezanas.com\/index.php?rest_route=%2Fwp%2Fv2%2Fcategories&post=22610"},{"taxonomy":"post_tag","embeddable":true,"href":"https:\/\/raicesjerezanas.com\/index.php?rest_route=%2Fwp%2Fv2%2Ftags&post=22610"}],"curies":[{"name":"wp","href":"https:\/\/api.w.org\/{rel}","templated":true}]}}