{"id":22613,"date":"2023-07-17T14:07:19","date_gmt":"2023-07-17T20:07:19","guid":{"rendered":"https:\/\/enconecte.com\/?p=22613"},"modified":"2023-07-17T14:07:19","modified_gmt":"2023-07-17T20:07:19","slug":"realizan-mejoras-al-mercado-benito-juarez","status":"publish","type":"post","link":"https:\/\/raicesjerezanas.com\/?p=22613","title":{"rendered":"REALIZAN MEJORAS AL MERCADO BENITO JU\u00c1REZ"},"content":{"rendered":"<p>La Direcci\u00f3n de Obras y Servicios P\u00fablicos ha iniciado los trabajos de mejoramiento en el mercado Benito Ju\u00e1rez, donde se realizan tres acciones principales: la pintura exterior, la reparaci\u00f3n de goteras y la pintura de se\u00f1alamientos viales en las calles que rodean el inmueble.<\/p>\n<p>Seg\u00fan la programaci\u00f3n previa, se espera que los trabajos de esta primera fase se concluyan en dos semanas, siempre y cuando las condiciones clim\u00e1ticas sean favorables para trabajar.<\/p>\n<p>Durante esta semana, el equipo de trabajadores aplicar\u00e1 dos capas de pintura en los muros, luego arreglar\u00e1 las goteras y finalmente pintar\u00e1 las se\u00f1ales de vialidad, las rampas para discapacitados, los lugares de estacionamiento, las \u00e1reas para motocicletas, entre otras.<\/p>\n<p>Estas acciones permitir\u00e1n mejorar la imagen de uno de los espacios representativos del municipio, as\u00ed como las condiciones para los comerciantes y los clientes que acuden al mercado a realizar sus compras o alguna\u00a0actividad.<\/p>\n","protected":false},"excerpt":{"rendered":"<div class=\"mh-excerpt\"><p>La Direcci\u00f3n de Obras y Servicios P\u00fablicos ha iniciado los trabajos de mejoramiento en el mercado Benito Ju\u00e1rez, donde se realizan tres acciones principales: la <a class=\"mh-excerpt-more\" href=\"https:\/\/raicesjerezanas.com\/?p=22613\" title=\"REALIZAN MEJORAS AL MERCADO BENITO JU\u00c1REZ\">&#8230;<\/a><\/p>\n<\/div>","protected":false},"author":1,"featured_media":22614,"comment_status":"closed","ping_status":"closed","sticky":false,"template":"","format":"standard","meta":{"footnotes":""},"categories":[102],"tags":[],"class_list":["post-22613","post","type-post","status-publish","format-standard","has-post-thumbnail","hentry","category-noticias-de-jerez"],"_links":{"self":[{"href":"https:\/\/raicesjerezanas.com\/index.php?rest_route=\/wp\/v2\/posts\/22613","targetHints":{"allow":["GET"]}}],"collection":[{"href":"https:\/\/raicesjerezanas.com\/index.php?rest_route=\/wp\/v2\/posts"}],"about":[{"href":"https:\/\/raicesjerezanas.com\/index.php?rest_route=\/wp\/v2\/types\/post"}],"author":[{"embeddable":true,"href":"https:\/\/raicesjerezanas.com\/index.php?rest_route=\/wp\/v2\/users\/1"}],"replies":[{"embeddable":true,"href":"https:\/\/raicesjerezanas.com\/index.php?rest_route=%2Fwp%2Fv2%2Fcomments&post=22613"}],"version-history":[{"count":0,"href":"https:\/\/raicesjerezanas.com\/index.php?rest_route=\/wp\/v2\/posts\/22613\/revisions"}],"wp:featuredmedia":[{"embeddable":true,"href":"https:\/\/raicesjerezanas.com\/index.php?rest_route=\/wp\/v2\/media\/22614"}],"wp:attachment":[{"href":"https:\/\/raicesjerezanas.com\/index.php?rest_route=%2Fwp%2Fv2%2Fmedia&parent=22613"}],"wp:term":[{"taxonomy":"category","embeddable":true,"href":"https:\/\/raicesjerezanas.com\/index.php?rest_route=%2Fwp%2Fv2%2Fcategories&post=22613"},{"taxonomy":"post_tag","embeddable":true,"href":"https:\/\/raicesjerezanas.com\/index.php?rest_route=%2Fwp%2Fv2%2Ftags&post=22613"}],"curies":[{"name":"wp","href":"https:\/\/api.w.org\/{rel}","templated":true}]}}