{"id":22617,"date":"2023-07-14T12:09:40","date_gmt":"2023-07-14T18:09:40","guid":{"rendered":"https:\/\/enconecte.com\/?p=22617"},"modified":"2023-07-14T12:09:40","modified_gmt":"2023-07-14T18:09:40","slug":"culminan-talleres-comunitarios-del-dif-jerez-con-mas-de-400-alumnos-capacitados-para-el-autoempleo-y-desarrollo-personal","status":"publish","type":"post","link":"https:\/\/raicesjerezanas.com\/?p=22617","title":{"rendered":"CULMINAN TALLERES COMUNITARIOS DEL DIF JEREZ CON M\u00c1S DE 400 ALUMNOS CAPACITADOS PARA EL AUTOEMPLEO Y DESARROLLO PERSONAL"},"content":{"rendered":"<p>Un total de 446 jerezanos culminaron su aprendizaje en los 53 Talleres Comunitarios que ofreci\u00f3 el DIF Municipal, encabezado por la presidenta honor\u00edfica Bertha Alicia Garc\u00eda Duarte, con el fin de proporcionarles herramientas para el autoempleo y el desarrollo personal.<\/p>\n<p>Al respecto la directora del Sistema Jessica Cuevas Cuevas, se\u00f1al\u00f3 que hace seis meses el DIF, siguiendo la encomienda del alcalde Jos\u00e9 Humberto Salazar Contreras, se propuso nuevamente la meta de brindar a la ciudadan\u00eda oportunidades de capacitaci\u00f3n en diversas disciplinas y oficios \u201cy hoy estamos presenciando el fruto de ese compromiso y dedicaci\u00f3n, en el que hemos trabajado juntos autoridades y sociedad\u201d.<\/p>\n<p>Agreg\u00f3 la directora acompa\u00f1ada por la titular de la Jefatura Operativa, Erika Judith Lozano Acevedo as\u00ed como de promotoras de los distintos Centros de Desarrollo Comunitario del DIF, que desde ni\u00f1os hasta adultos mayores, en los Talleres Comunitarios exploraron un mundo de conocimientos, en el que no s\u00f3lo adquirieron destrezas t\u00e9cnicas sino tambi\u00e9n un empoderamiento para forjar un futuro prometedor, lleno de confianza y \u00e9xito.<\/p>\n<p>Por su parte el secretario de gobierno del Ayuntamiento, H\u00e9ctor Hugo Ram\u00edrez Escobedo, manifest\u00f3 que al contemplar los trabajos de quienes culminaron el ciclo de los Talleres \u201cveo reflejado su talento natural, su disposici\u00f3n de aprender algo nuevo, su paciencia, su perseverancia y su amor por lo que les gusta\u201d, invit\u00e1ndolos a continuar persiguiendo sus sue\u00f1os.<\/p>\n<p>Agradeci\u00f3 al equipo DIF encargado de llevar a cabo estas labores, y resalt\u00f3 que como resultados de ellas no s\u00f3lo se apoya y mejora la econom\u00eda de los hogares, si no tambi\u00e9n se logra un cambio en la perspectiva de vida de los beneficiados.<\/p>\n<p><a href=\"https:\/\/enconecte.com\/wp-content\/uploads\/2023\/07\/Imagen-de-WhatsApp-2023-07-14-a-las-13.32.23.jpg\"><img loading=\"lazy\" decoding=\"async\" class=\"alignnone size-full wp-image-22618\" src=\"https:\/\/enconecte.com\/wp-content\/uploads\/2023\/07\/Imagen-de-WhatsApp-2023-07-14-a-las-13.32.23.jpg\" alt=\"\" width=\"1600\" height=\"1066\" srcset=\"https:\/\/raicesjerezanas.com\/wp-content\/uploads\/2023\/07\/Imagen-de-WhatsApp-2023-07-14-a-las-13.32.23.jpg 1600w, https:\/\/raicesjerezanas.com\/wp-content\/uploads\/2023\/07\/Imagen-de-WhatsApp-2023-07-14-a-las-13.32.23-300x200.jpg 300w, https:\/\/raicesjerezanas.com\/wp-content\/uploads\/2023\/07\/Imagen-de-WhatsApp-2023-07-14-a-las-13.32.23-1024x682.jpg 1024w, https:\/\/raicesjerezanas.com\/wp-content\/uploads\/2023\/07\/Imagen-de-WhatsApp-2023-07-14-a-las-13.32.23-768x512.jpg 768w, https:\/\/raicesjerezanas.com\/wp-content\/uploads\/2023\/07\/Imagen-de-WhatsApp-2023-07-14-a-las-13.32.23-1536x1023.jpg 1536w\" sizes=\"auto, (max-width: 1600px) 100vw, 1600px\" \/><\/a><\/p>\n<p>En la ceremonia de clausura se hicieron presentes el talento y las habilidades de los graduados, quienes demostraron lo aprendido en Talleres como Carpinter\u00eda, Manualidades, Basquetbol, Gastronom\u00eda, Tejido, Plater\u00eda, Guitarra, Kickboxing, U\u00f1as, Bisuter\u00eda, Ingl\u00e9s, entre muchos otros.<\/p>\n<p>El p\u00fablico asistente pudo disfrutar de relucientes y din\u00e1micas presentaciones de Zumba, Belleza, Ballet y Jazz, Kung Fu, Guitarra, Canto adem\u00e1s de diversos m\u00f3dulos con productos hechos en el resto de los Talleres, todo lo cual mostr\u00f3 la gran destreza adquirida\u00a0en\u00a0los\u00a0cursos.<\/p>\n","protected":false},"excerpt":{"rendered":"<div class=\"mh-excerpt\"><p>Un total de 446 jerezanos culminaron su aprendizaje en los 53 Talleres Comunitarios que ofreci\u00f3 el DIF Municipal, encabezado por la presidenta honor\u00edfica Bertha Alicia <a class=\"mh-excerpt-more\" href=\"https:\/\/raicesjerezanas.com\/?p=22617\" title=\"CULMINAN TALLERES COMUNITARIOS DEL DIF JEREZ CON M\u00c1S DE 400 ALUMNOS CAPACITADOS PARA EL AUTOEMPLEO Y DESARROLLO PERSONAL\">&#8230;<\/a><\/p>\n<\/div>","protected":false},"author":1,"featured_media":22619,"comment_status":"closed","ping_status":"closed","sticky":false,"template":"","format":"standard","meta":{"footnotes":""},"categories":[102],"tags":[],"class_list":["post-22617","post","type-post","status-publish","format-standard","has-post-thumbnail","hentry","category-noticias-de-jerez"],"_links":{"self":[{"href":"https:\/\/raicesjerezanas.com\/index.php?rest_route=\/wp\/v2\/posts\/22617","targetHints":{"allow":["GET"]}}],"collection":[{"href":"https:\/\/raicesjerezanas.com\/index.php?rest_route=\/wp\/v2\/posts"}],"about":[{"href":"https:\/\/raicesjerezanas.com\/index.php?rest_route=\/wp\/v2\/types\/post"}],"author":[{"embeddable":true,"href":"https:\/\/raicesjerezanas.com\/index.php?rest_route=\/wp\/v2\/users\/1"}],"replies":[{"embeddable":true,"href":"https:\/\/raicesjerezanas.com\/index.php?rest_route=%2Fwp%2Fv2%2Fcomments&post=22617"}],"version-history":[{"count":0,"href":"https:\/\/raicesjerezanas.com\/index.php?rest_route=\/wp\/v2\/posts\/22617\/revisions"}],"wp:featuredmedia":[{"embeddable":true,"href":"https:\/\/raicesjerezanas.com\/index.php?rest_route=\/wp\/v2\/media\/22619"}],"wp:attachment":[{"href":"https:\/\/raicesjerezanas.com\/index.php?rest_route=%2Fwp%2Fv2%2Fmedia&parent=22617"}],"wp:term":[{"taxonomy":"category","embeddable":true,"href":"https:\/\/raicesjerezanas.com\/index.php?rest_route=%2Fwp%2Fv2%2Fcategories&post=22617"},{"taxonomy":"post_tag","embeddable":true,"href":"https:\/\/raicesjerezanas.com\/index.php?rest_route=%2Fwp%2Fv2%2Ftags&post=22617"}],"curies":[{"name":"wp","href":"https:\/\/api.w.org\/{rel}","templated":true}]}}