{"id":2263,"date":"2019-10-07T19:48:07","date_gmt":"2019-10-08T00:48:07","guid":{"rendered":"https:\/\/raicesjerezanas.com\/?p=2263"},"modified":"2019-10-07T19:48:07","modified_gmt":"2019-10-08T00:48:07","slug":"gran-verbena-mexicana-dentro-de-los-domingos-familiares","status":"publish","type":"post","link":"https:\/\/raicesjerezanas.com\/?p=2263","title":{"rendered":"GRAN VERBENA MEXICANA DENTRO DE LOS DOMINGOS FAMILIARES"},"content":{"rendered":"<p>En un ambiente de tradici\u00f3n, m\u00fasica y ricos antojitos se efect\u00fao la Verbena Mexicana como parte de los Domingos Familiares, estrategia con la que el Gobierno Municipal promueve la sana convivencia durante los fines de semana en espacios p\u00fablicos.<\/p>\n<p>La preservaci\u00f3n de tradiciones culturales fue el prop\u00f3sito de la Verbena, afirm\u00f3 el Director del Instituto Jerezano de Cultura (IJC), Miguel \u00c1ngel Salcedo Quezada, que invit\u00f3 a los presentes a convivir y recordar las kermeses de provincia.<\/p>\n<p>Agreg\u00f3 que es importante la uni\u00f3n de autoridades y ciudadan\u00eda para motivar la uni\u00f3n familiar y los valores que deben seguir vigentes para alcanzar una sociedad en armon\u00eda.<\/p>\n<p>En la velada participaron talentos como Carlos Puente, M\u00e1xima Guardia de Luis Olague e Imelda Luna, quienes con su personal estilo de canto le dieron un toque especial a la noche.<\/p>\n<p>Decenas de familias se reunieron en el jard\u00edn Hidalgo para disfrutar de una amena noche en la que se ofreci\u00f3 pozole, tamales, elotes y duros preparados, adem\u00e1s de aguas frescas y mezcal.<\/p>\n<p>Tambi\u00e9n se realiz\u00f3 una t\u00f3mbola con variedad de regalos, utilizando billetes alusivos a la Verbena como dinero de intercambio.<\/p>\n","protected":false},"excerpt":{"rendered":"<div class=\"mh-excerpt\"><p>En un ambiente de tradici\u00f3n, m\u00fasica y ricos antojitos se efect\u00fao la Verbena Mexicana como parte de los Domingos Familiares, estrategia con la que el <a class=\"mh-excerpt-more\" href=\"https:\/\/raicesjerezanas.com\/?p=2263\" title=\"GRAN VERBENA MEXICANA DENTRO DE LOS DOMINGOS FAMILIARES\">&#8230;<\/a><\/p>\n<\/div>","protected":false},"author":1,"featured_media":2264,"comment_status":"closed","ping_status":"closed","sticky":false,"template":"","format":"standard","meta":{"footnotes":""},"categories":[],"tags":[],"class_list":["post-2263","post","type-post","status-publish","format-standard","has-post-thumbnail","hentry"],"_links":{"self":[{"href":"https:\/\/raicesjerezanas.com\/index.php?rest_route=\/wp\/v2\/posts\/2263","targetHints":{"allow":["GET"]}}],"collection":[{"href":"https:\/\/raicesjerezanas.com\/index.php?rest_route=\/wp\/v2\/posts"}],"about":[{"href":"https:\/\/raicesjerezanas.com\/index.php?rest_route=\/wp\/v2\/types\/post"}],"author":[{"embeddable":true,"href":"https:\/\/raicesjerezanas.com\/index.php?rest_route=\/wp\/v2\/users\/1"}],"replies":[{"embeddable":true,"href":"https:\/\/raicesjerezanas.com\/index.php?rest_route=%2Fwp%2Fv2%2Fcomments&post=2263"}],"version-history":[{"count":0,"href":"https:\/\/raicesjerezanas.com\/index.php?rest_route=\/wp\/v2\/posts\/2263\/revisions"}],"wp:featuredmedia":[{"embeddable":true,"href":"https:\/\/raicesjerezanas.com\/index.php?rest_route=\/wp\/v2\/media\/2264"}],"wp:attachment":[{"href":"https:\/\/raicesjerezanas.com\/index.php?rest_route=%2Fwp%2Fv2%2Fmedia&parent=2263"}],"wp:term":[{"taxonomy":"category","embeddable":true,"href":"https:\/\/raicesjerezanas.com\/index.php?rest_route=%2Fwp%2Fv2%2Fcategories&post=2263"},{"taxonomy":"post_tag","embeddable":true,"href":"https:\/\/raicesjerezanas.com\/index.php?rest_route=%2Fwp%2Fv2%2Ftags&post=2263"}],"curies":[{"name":"wp","href":"https:\/\/api.w.org\/{rel}","templated":true}]}}