{"id":22708,"date":"2023-07-19T13:53:33","date_gmt":"2023-07-19T19:53:33","guid":{"rendered":"https:\/\/enconecte.com\/?p=22708"},"modified":"2023-07-19T13:53:33","modified_gmt":"2023-07-19T19:53:33","slug":"arrancan-segunda-etapa-de-remodelacion-de-alameda-en-jerez","status":"publish","type":"post","link":"https:\/\/raicesjerezanas.com\/?p=22708","title":{"rendered":"ARRANCAN SEGUNDA ETAPA DE REMODELACI\u00d3N DE ALAMEDA EN JEREZ"},"content":{"rendered":"<ul>\n<li>Con una inversi\u00f3n de m\u00e1s de tres millones de pesos y beneficio a 13,559 hogares y 46,831 jerezanos.<\/li>\n<\/ul>\n<p>Jerez, Zacatecas.- La alameda \u00abFrancisco Garc\u00eda Salinas\u00bb es un espacio p\u00fablico emblem\u00e1tico situado en el coraz\u00f3n de la ciudad. Considerado un pulm\u00f3n verde, ha sido testigo de momentos importantes en la vida de los jerezanos. Por esta raz\u00f3n, el H. Ayuntamiento de Jerez 2021-2024, a trav\u00e9s de la direcci\u00f3n municipal de Obras y Servicios P\u00fablicos, ha dado prioridad a su mantenimiento, rehabilitaci\u00f3n y, en este caso, remodelaci\u00f3n de sus diferentes \u00e1reas.<\/p>\n<p>Antes de comenzar la obra, el Arq. Alfredo Mar\u00edn Luna, director de Obras y Servicios P\u00fablicos, explic\u00f3 que esta segunda etapa de remodelaci\u00f3n de la parte sur incluir\u00e1: 885m\u00b2 de andadores de concreto, asadores, cuarto el\u00e9ctrico, sistema de riego, construcci\u00f3n de una cisterna, bancas, botes de basura, palapas, bolardos, iluminaci\u00f3n esc\u00e9nica y una escultura met\u00e1lica. En el \u00e1rea verde, se instalar\u00e1n 896 m\u00b2 de pasto, plantas ornamentales y \u00e1rboles. Tambi\u00e9n se ampliar\u00e1 el alumbrado. Esta remodelaci\u00f3n cuenta con una inversi\u00f3n de m\u00e1s de tres millones de pesos.<\/p>\n<p>El alcalde de Jerez, Dr. Jos\u00e9 Humberto Salazar, destac\u00f3 que este espacio emblem\u00e1tico es el pulm\u00f3n principal de la ciudad. Adem\u00e1s, mediante la colaboraci\u00f3n entre el municipio y los ciudadanos, se est\u00e1n realizando cambios en los espacios p\u00fablicos para promover un desarrollo sano y permitir que los ni\u00f1os puedan jugar. Asimismo, resalt\u00f3 la importancia de mantener este espacio limpio y bien iluminado, refiri\u00e9ndose a \u00e9l como el patio de nuestra casa.<\/p>\n<p><a href=\"https:\/\/enconecte.com\/wp-content\/uploads\/2023\/08\/Imagen-de-WhatsApp-2023-07-19-a-las-14.56.58.jpg\"><img loading=\"lazy\" decoding=\"async\" class=\"alignnone size-full wp-image-22711\" src=\"https:\/\/enconecte.com\/wp-content\/uploads\/2023\/08\/Imagen-de-WhatsApp-2023-07-19-a-las-14.56.58.jpg\" alt=\"\" width=\"1599\" height=\"1066\" srcset=\"https:\/\/raicesjerezanas.com\/wp-content\/uploads\/2023\/08\/Imagen-de-WhatsApp-2023-07-19-a-las-14.56.58.jpg 1599w, https:\/\/raicesjerezanas.com\/wp-content\/uploads\/2023\/08\/Imagen-de-WhatsApp-2023-07-19-a-las-14.56.58-300x200.jpg 300w, https:\/\/raicesjerezanas.com\/wp-content\/uploads\/2023\/08\/Imagen-de-WhatsApp-2023-07-19-a-las-14.56.58-1024x683.jpg 1024w, https:\/\/raicesjerezanas.com\/wp-content\/uploads\/2023\/08\/Imagen-de-WhatsApp-2023-07-19-a-las-14.56.58-768x512.jpg 768w, https:\/\/raicesjerezanas.com\/wp-content\/uploads\/2023\/08\/Imagen-de-WhatsApp-2023-07-19-a-las-14.56.58-1536x1024.jpg 1536w\" sizes=\"auto, (max-width: 1599px) 100vw, 1599px\" \/><\/a><\/p>\n<p>Durante el evento de inicio de los trabajos de la obra, estuvieron presentes los regidores: Lic. Ana Yajaira F\u00e9lix Rivera, Mtro. Enrique Saucedo, Lic. Carlos F\u00e9lix, Luis Mario Mart\u00ednez Aparicio, y los funcionarios: Lic. David Josafat de la Torre, director de Desarrollo Econ\u00f3mico, y el Mtro. Marco Antonio Valenzuela Esquivel, director de SIMAPAJ, quienes junto con el alcalde dieron el banderazo para dar comienzo\u00a0a\u00a0la\u00a0obra.<\/p>\n","protected":false},"excerpt":{"rendered":"<div class=\"mh-excerpt\"><p>Con una inversi\u00f3n de m\u00e1s de tres millones de pesos y beneficio a 13,559 hogares y 46,831 jerezanos. Jerez, Zacatecas.- La alameda \u00abFrancisco Garc\u00eda Salinas\u00bb <a class=\"mh-excerpt-more\" href=\"https:\/\/raicesjerezanas.com\/?p=22708\" title=\"ARRANCAN SEGUNDA ETAPA DE REMODELACI\u00d3N DE ALAMEDA EN JEREZ\">&#8230;<\/a><\/p>\n<\/div>","protected":false},"author":1,"featured_media":22710,"comment_status":"closed","ping_status":"closed","sticky":false,"template":"","format":"standard","meta":{"footnotes":""},"categories":[102],"tags":[],"class_list":["post-22708","post","type-post","status-publish","format-standard","has-post-thumbnail","hentry","category-noticias-de-jerez"],"_links":{"self":[{"href":"https:\/\/raicesjerezanas.com\/index.php?rest_route=\/wp\/v2\/posts\/22708","targetHints":{"allow":["GET"]}}],"collection":[{"href":"https:\/\/raicesjerezanas.com\/index.php?rest_route=\/wp\/v2\/posts"}],"about":[{"href":"https:\/\/raicesjerezanas.com\/index.php?rest_route=\/wp\/v2\/types\/post"}],"author":[{"embeddable":true,"href":"https:\/\/raicesjerezanas.com\/index.php?rest_route=\/wp\/v2\/users\/1"}],"replies":[{"embeddable":true,"href":"https:\/\/raicesjerezanas.com\/index.php?rest_route=%2Fwp%2Fv2%2Fcomments&post=22708"}],"version-history":[{"count":0,"href":"https:\/\/raicesjerezanas.com\/index.php?rest_route=\/wp\/v2\/posts\/22708\/revisions"}],"wp:featuredmedia":[{"embeddable":true,"href":"https:\/\/raicesjerezanas.com\/index.php?rest_route=\/wp\/v2\/media\/22710"}],"wp:attachment":[{"href":"https:\/\/raicesjerezanas.com\/index.php?rest_route=%2Fwp%2Fv2%2Fmedia&parent=22708"}],"wp:term":[{"taxonomy":"category","embeddable":true,"href":"https:\/\/raicesjerezanas.com\/index.php?rest_route=%2Fwp%2Fv2%2Fcategories&post=22708"},{"taxonomy":"post_tag","embeddable":true,"href":"https:\/\/raicesjerezanas.com\/index.php?rest_route=%2Fwp%2Fv2%2Ftags&post=22708"}],"curies":[{"name":"wp","href":"https:\/\/api.w.org\/{rel}","templated":true}]}}