{"id":22712,"date":"2023-07-19T13:54:44","date_gmt":"2023-07-19T19:54:44","guid":{"rendered":"https:\/\/enconecte.com\/?p=22712"},"modified":"2023-07-19T13:54:44","modified_gmt":"2023-07-19T19:54:44","slug":"dr-salazar-comprometido-con-las-comunidades-de-jerez","status":"publish","type":"post","link":"https:\/\/raicesjerezanas.com\/?p=22712","title":{"rendered":"DR. SALAZAR COMPROMETIDO CON LAS COMUNIDADES DE JEREZ"},"content":{"rendered":"<ul>\n<li>La comunidad de Ord\u00f3\u00f1ez y colindantes en Jerez, ten\u00edan 2 a\u00f1os sin servicio de agua potable.<\/li>\n<\/ul>\n<p>Jerez, Zac.-Los residentes de la comunidad de Ord\u00f3nez, en Jerez, Zacatecas, se reunieron con el alcalde, Dr. Jos\u00e9 Humberto Salazar Contreras, para plantearle la necesidad prioritaria de agua en la zona. En respuesta a esto, la administraci\u00f3n municipal 2021-2024, a trav\u00e9s del Departamento de Atenci\u00f3n Ciudadana y Gesti\u00f3n Social, en colaboraci\u00f3n con el Sistema Municipal de Alcantarillado y Agua Potable de Jerez (SIMAPAJ), ha logrado brindar una soluci\u00f3n para que la comunidad y las comunidades cercanas tengan acceso al agua para consumo humano.<\/p>\n<p>Las comunidades beneficiadas con esta acci\u00f3n son Ordo\u00f1ez, San Antonio de Ordo\u00f1ez y El Pergenio. Los habitantes de Ord\u00f3\u00f1ez sol\u00edan recibir apoyo para el pago de la electricidad, ya que se cre\u00eda que el problema radicaba en un consumo excesivo de energ\u00eda. Sin embargo, el personal del gobierno municipal actual descubri\u00f3 que el problema principal resid\u00eda en fallas el\u00e9ctricas y en las piezas del pozo que suministraba agua a estas cuatro localidades. Ante la escasez de agua, los habitantes ten\u00edan que acarrear agua desde la comunidad de Guadalupe Victoria \u00abEl Yeje\u00bb. Fue as\u00ed como se encontr\u00f3 una soluci\u00f3n a esta situaci\u00f3n, explic\u00f3 Ma. Del Consuelo Trujillo Moreno, titular del Departamento de Atenci\u00f3n Ciudadana y Gesti\u00f3n Social.<\/p>\n<p>Con una inversi\u00f3n importante para esta localidad y las comunidades cercanas, as\u00ed como con la mano de obra proporcionada por el personal de SIMAPAJ, se instalaron los equipos y las piezas necesarias para resolver el problema del suministro de agua. Esto fue parte de un compromiso adquirido por el presidente municipal con esta comunidad, la cual agradece enormemente el acceso al vital l\u00edquido que\u00a0ahora\u00a0disfruta.<\/p>\n","protected":false},"excerpt":{"rendered":"<div class=\"mh-excerpt\"><p>La comunidad de Ord\u00f3\u00f1ez y colindantes en Jerez, ten\u00edan 2 a\u00f1os sin servicio de agua potable. Jerez, Zac.-Los residentes de la comunidad de Ord\u00f3nez, en <a class=\"mh-excerpt-more\" href=\"https:\/\/raicesjerezanas.com\/?p=22712\" title=\"DR. SALAZAR COMPROMETIDO CON LAS COMUNIDADES DE JEREZ\">&#8230;<\/a><\/p>\n<\/div>","protected":false},"author":1,"featured_media":22713,"comment_status":"closed","ping_status":"closed","sticky":false,"template":"","format":"standard","meta":{"footnotes":""},"categories":[102],"tags":[],"class_list":["post-22712","post","type-post","status-publish","format-standard","has-post-thumbnail","hentry","category-noticias-de-jerez"],"_links":{"self":[{"href":"https:\/\/raicesjerezanas.com\/index.php?rest_route=\/wp\/v2\/posts\/22712","targetHints":{"allow":["GET"]}}],"collection":[{"href":"https:\/\/raicesjerezanas.com\/index.php?rest_route=\/wp\/v2\/posts"}],"about":[{"href":"https:\/\/raicesjerezanas.com\/index.php?rest_route=\/wp\/v2\/types\/post"}],"author":[{"embeddable":true,"href":"https:\/\/raicesjerezanas.com\/index.php?rest_route=\/wp\/v2\/users\/1"}],"replies":[{"embeddable":true,"href":"https:\/\/raicesjerezanas.com\/index.php?rest_route=%2Fwp%2Fv2%2Fcomments&post=22712"}],"version-history":[{"count":0,"href":"https:\/\/raicesjerezanas.com\/index.php?rest_route=\/wp\/v2\/posts\/22712\/revisions"}],"wp:featuredmedia":[{"embeddable":true,"href":"https:\/\/raicesjerezanas.com\/index.php?rest_route=\/wp\/v2\/media\/22713"}],"wp:attachment":[{"href":"https:\/\/raicesjerezanas.com\/index.php?rest_route=%2Fwp%2Fv2%2Fmedia&parent=22712"}],"wp:term":[{"taxonomy":"category","embeddable":true,"href":"https:\/\/raicesjerezanas.com\/index.php?rest_route=%2Fwp%2Fv2%2Fcategories&post=22712"},{"taxonomy":"post_tag","embeddable":true,"href":"https:\/\/raicesjerezanas.com\/index.php?rest_route=%2Fwp%2Fv2%2Ftags&post=22712"}],"curies":[{"name":"wp","href":"https:\/\/api.w.org\/{rel}","templated":true}]}}