{"id":22716,"date":"2023-07-20T13:56:38","date_gmt":"2023-07-20T19:56:38","guid":{"rendered":"https:\/\/enconecte.com\/?p=22716"},"modified":"2023-07-20T13:56:38","modified_gmt":"2023-07-20T19:56:38","slug":"inician-obra-en-su-segunda-etapa-de-guarniciones-y-banquetas-en-frente-popular-norte","status":"publish","type":"post","link":"https:\/\/raicesjerezanas.com\/?p=22716","title":{"rendered":"INICIAN OBRA EN SU SEGUNDA ETAPA DE GUARNICIONES Y BANQUETAS EN FRENTE POPULAR NORTE"},"content":{"rendered":"<ul>\n<li>Tendr\u00e1 una inversi\u00f3n totalmente municipal de m\u00e1s trecientos veinte mil pesos y beneficiar\u00e1 a 43 hogares y m\u00e1s de 165 personas.<\/li>\n<\/ul>\n<p>Jerez, Zac.-La administraci\u00f3n municipal 2021-2024, encabezada por el Dr. Jos\u00e9 Humberto Salazar Contreras, se ha propuesto eficientar el gasto p\u00fablico de la mejor manera posible para destinarlo a obras prioritarias en Jerez y sus comunidades. En este sentido, se ha dado inicio a la segunda etapa de la construcci\u00f3n de guarniciones y banquetas en la avenida El Molino del Frente Popular Norte. Esta obra es financiada \u00edntegramente por el municipio y es llevada a cabo por la direcci\u00f3n de Obras y Servicios P\u00fablicos.<\/p>\n<p>El director de Obras y Servicios P\u00fablicos, Arq. Alfredo Mar\u00edn Luna, proporcion\u00f3 una breve descripci\u00f3n de la segunda etapa de esta obra, ubicada en la avenida donde se encuentra el CECYTEZ Jerez. La construcci\u00f3n contempla 326 metros lineales de guarniciones y beneficiar\u00e1 a 43 hogares, directamente beneficiando a m\u00e1s de 165 personas. La inversi\u00f3n municipal para esta obra es de de m\u00e1s trecientos veinte mil pesos<\/p>\n<p>El presidente municipal, Dr. Jos\u00e9 Humberto Salazar Contreras, declar\u00f3 que esta obra es prioritaria para la poblaci\u00f3n de la zona, considerando la necesidad surgida a ra\u00edz del abandono que ha sufrido el municipio. Adem\u00e1s, se\u00f1al\u00f3 que estas obras, junto con las que actualmente se est\u00e1n llevando a cabo en el municipio, tienen como objetivo mejorar la calidad de vida de los residentes y de las comunidades.<\/p>\n<p><a href=\"https:\/\/enconecte.com\/wp-content\/uploads\/2023\/08\/Imagen-de-WhatsApp-2023-07-20-a-las-11.41-.06.jpg\"><img loading=\"lazy\" decoding=\"async\" class=\"alignnone size-full wp-image-22718\" src=\"https:\/\/enconecte.com\/wp-content\/uploads\/2023\/08\/Imagen-de-WhatsApp-2023-07-20-a-las-11.41-.06.jpg\" alt=\"\" width=\"1599\" height=\"1066\" srcset=\"https:\/\/raicesjerezanas.com\/wp-content\/uploads\/2023\/08\/Imagen-de-WhatsApp-2023-07-20-a-las-11.41-.06.jpg 1599w, https:\/\/raicesjerezanas.com\/wp-content\/uploads\/2023\/08\/Imagen-de-WhatsApp-2023-07-20-a-las-11.41-.06-300x200.jpg 300w, https:\/\/raicesjerezanas.com\/wp-content\/uploads\/2023\/08\/Imagen-de-WhatsApp-2023-07-20-a-las-11.41-.06-1024x683.jpg 1024w, https:\/\/raicesjerezanas.com\/wp-content\/uploads\/2023\/08\/Imagen-de-WhatsApp-2023-07-20-a-las-11.41-.06-768x512.jpg 768w, https:\/\/raicesjerezanas.com\/wp-content\/uploads\/2023\/08\/Imagen-de-WhatsApp-2023-07-20-a-las-11.41-.06-1536x1024.jpg 1536w\" sizes=\"auto, (max-width: 1599px) 100vw, 1599px\" \/><\/a><\/p>\n<p>Durante el acto de inicio de obra, estuvieron presentes los regidores: Lic. Ana Yajaira F\u00e9lix Rivera, Mtro. Enrique Saucedo, Lic. Carlos F\u00e9lix, Luis Mario Mart\u00ednez Aparicio, as\u00ed como los funcionarios: Lic. David Josafat de la Torre, director de Desarrollo Econ\u00f3mico, y el Mtro. Marco Antonio Valenzuela Esquivel, director de SIMAPAJ. Tambi\u00e9n estuvieron presentes el Ing. Shaid Ram\u00edrez, representante Legal de Grupo Axozac, y el C. Joaqu\u00edn Reyes F\u00e9lix, beneficiario residente de la colonia. Todos ellos acompa\u00f1aron y dieron su aprobaci\u00f3n para dar inicio\u00a0a\u00a0la\u00a0obra.<\/p>\n","protected":false},"excerpt":{"rendered":"<div class=\"mh-excerpt\"><p>Tendr\u00e1 una inversi\u00f3n totalmente municipal de m\u00e1s trecientos veinte mil pesos y beneficiar\u00e1 a 43 hogares y m\u00e1s de 165 personas. Jerez, Zac.-La administraci\u00f3n municipal <a class=\"mh-excerpt-more\" href=\"https:\/\/raicesjerezanas.com\/?p=22716\" title=\"INICIAN OBRA EN SU SEGUNDA ETAPA DE GUARNICIONES Y BANQUETAS EN FRENTE POPULAR NORTE\">&#8230;<\/a><\/p>\n<\/div>","protected":false},"author":1,"featured_media":22717,"comment_status":"closed","ping_status":"closed","sticky":false,"template":"","format":"standard","meta":{"footnotes":""},"categories":[102],"tags":[],"class_list":["post-22716","post","type-post","status-publish","format-standard","has-post-thumbnail","hentry","category-noticias-de-jerez"],"_links":{"self":[{"href":"https:\/\/raicesjerezanas.com\/index.php?rest_route=\/wp\/v2\/posts\/22716","targetHints":{"allow":["GET"]}}],"collection":[{"href":"https:\/\/raicesjerezanas.com\/index.php?rest_route=\/wp\/v2\/posts"}],"about":[{"href":"https:\/\/raicesjerezanas.com\/index.php?rest_route=\/wp\/v2\/types\/post"}],"author":[{"embeddable":true,"href":"https:\/\/raicesjerezanas.com\/index.php?rest_route=\/wp\/v2\/users\/1"}],"replies":[{"embeddable":true,"href":"https:\/\/raicesjerezanas.com\/index.php?rest_route=%2Fwp%2Fv2%2Fcomments&post=22716"}],"version-history":[{"count":0,"href":"https:\/\/raicesjerezanas.com\/index.php?rest_route=\/wp\/v2\/posts\/22716\/revisions"}],"wp:featuredmedia":[{"embeddable":true,"href":"https:\/\/raicesjerezanas.com\/index.php?rest_route=\/wp\/v2\/media\/22717"}],"wp:attachment":[{"href":"https:\/\/raicesjerezanas.com\/index.php?rest_route=%2Fwp%2Fv2%2Fmedia&parent=22716"}],"wp:term":[{"taxonomy":"category","embeddable":true,"href":"https:\/\/raicesjerezanas.com\/index.php?rest_route=%2Fwp%2Fv2%2Fcategories&post=22716"},{"taxonomy":"post_tag","embeddable":true,"href":"https:\/\/raicesjerezanas.com\/index.php?rest_route=%2Fwp%2Fv2%2Ftags&post=22716"}],"curies":[{"name":"wp","href":"https:\/\/api.w.org\/{rel}","templated":true}]}}