{"id":22719,"date":"2023-07-20T13:57:21","date_gmt":"2023-07-20T19:57:21","guid":{"rendered":"https:\/\/enconecte.com\/?p=22719"},"modified":"2023-07-20T13:57:21","modified_gmt":"2023-07-20T19:57:21","slug":"presentan-la-convocatoria-del-premio-municipal-de-la-juventud-2023-en-jerez","status":"publish","type":"post","link":"https:\/\/raicesjerezanas.com\/?p=22719","title":{"rendered":"PRESENTAN LA CONVOCATORIA DEL PREMIO MUNICIPAL DE LA JUVENTUD 2023 EN JEREZ"},"content":{"rendered":"<ul>\n<li>Ser\u00e1n premiadas cuatro categor\u00edas distintas con $3,500.00 cada una.<\/li>\n<\/ul>\n<p>Jerez, Zac.- El H. Ayuntamiento de Jerez 2021-2024, a trav\u00e9s del Instituto Jerezano de la Juventud (INJJUVE), lanz\u00f3 en casa alkazar la convocatoria del premio Municipal de la Juventud 2023, con el prop\u00f3sito de incentivar y reconocer a los j\u00f3venes que realizan actividades de beneficio social para la comunidad jerezana. El periodo de recepci\u00f3n de expedientes ser\u00e1 del 20 de julio al 15 de agosto.<\/p>\n<p>La coordinadora del INJJUVE, Ing. Marlinet D\u00edaz Carillo, se\u00f1al\u00f3 que este premio busca destacar la labor social, deportiva, acad\u00e9mica, art\u00edstica, emprendedora y de discapacidad e inclusi\u00f3n que llevan a cabo los j\u00f3venes de 18 a 29 a\u00f1os que residan en Jerez. Asimismo, el C. Luis Mario Mart\u00ednez Aparicio, regidor comisionado a Juventud y Deporte, dio a conocer los detalles de la convocatoria, que otorgar\u00e1 un premio de $3,500.00 por cada una de las siguientes categor\u00edas:<\/p>\n<p>\u2022 Logro acad\u00e9mico.<br \/>\n\u2022 Discapacidad e inclusi\u00f3n.<br \/>\n\u2022 Art\u00edstico y cultural.<br \/>\n\u2022 Logro deportivo.<br \/>\n\u2022 Logro emprendedor.<\/p>\n<p>Por su parte, el alcalde jerezano, Dr. Jos\u00e9 Humberto Salazar Contreras, expres\u00f3 que este evento es una forma de celebrar y valorar el esfuerzo y la dedicaci\u00f3n de la juventud jerezana, que contribuye con su talento al desarrollo de la sociedad, y de fomentar su participaci\u00f3n activa en la construcci\u00f3n de un futuro mejor y m\u00e1s prometedor para todos.<\/p>\n<p>En el evento tambi\u00e9n estuvo presente el Lic. Yosafat de la Torre, director de Desarrollo Econ\u00f3mico y Social. Se inform\u00f3 que la ceremonia de premiaci\u00f3n se realizar\u00e1 el jueves 24 de agosto a las 12:00 pm en el Teatro\u00a0Hinojosa.<\/p>\n","protected":false},"excerpt":{"rendered":"<div class=\"mh-excerpt\"><p>Ser\u00e1n premiadas cuatro categor\u00edas distintas con $3,500.00 cada una. Jerez, Zac.- El H. Ayuntamiento de Jerez 2021-2024, a trav\u00e9s del Instituto Jerezano de la Juventud <a class=\"mh-excerpt-more\" href=\"https:\/\/raicesjerezanas.com\/?p=22719\" title=\"PRESENTAN LA CONVOCATORIA DEL PREMIO MUNICIPAL DE LA JUVENTUD 2023 EN JEREZ\">&#8230;<\/a><\/p>\n<\/div>","protected":false},"author":1,"featured_media":22720,"comment_status":"closed","ping_status":"closed","sticky":false,"template":"","format":"standard","meta":{"footnotes":""},"categories":[102],"tags":[],"class_list":["post-22719","post","type-post","status-publish","format-standard","has-post-thumbnail","hentry","category-noticias-de-jerez"],"_links":{"self":[{"href":"https:\/\/raicesjerezanas.com\/index.php?rest_route=\/wp\/v2\/posts\/22719","targetHints":{"allow":["GET"]}}],"collection":[{"href":"https:\/\/raicesjerezanas.com\/index.php?rest_route=\/wp\/v2\/posts"}],"about":[{"href":"https:\/\/raicesjerezanas.com\/index.php?rest_route=\/wp\/v2\/types\/post"}],"author":[{"embeddable":true,"href":"https:\/\/raicesjerezanas.com\/index.php?rest_route=\/wp\/v2\/users\/1"}],"replies":[{"embeddable":true,"href":"https:\/\/raicesjerezanas.com\/index.php?rest_route=%2Fwp%2Fv2%2Fcomments&post=22719"}],"version-history":[{"count":0,"href":"https:\/\/raicesjerezanas.com\/index.php?rest_route=\/wp\/v2\/posts\/22719\/revisions"}],"wp:featuredmedia":[{"embeddable":true,"href":"https:\/\/raicesjerezanas.com\/index.php?rest_route=\/wp\/v2\/media\/22720"}],"wp:attachment":[{"href":"https:\/\/raicesjerezanas.com\/index.php?rest_route=%2Fwp%2Fv2%2Fmedia&parent=22719"}],"wp:term":[{"taxonomy":"category","embeddable":true,"href":"https:\/\/raicesjerezanas.com\/index.php?rest_route=%2Fwp%2Fv2%2Fcategories&post=22719"},{"taxonomy":"post_tag","embeddable":true,"href":"https:\/\/raicesjerezanas.com\/index.php?rest_route=%2Fwp%2Fv2%2Ftags&post=22719"}],"curies":[{"name":"wp","href":"https:\/\/api.w.org\/{rel}","templated":true}]}}