{"id":22721,"date":"2023-07-21T13:58:20","date_gmt":"2023-07-21T19:58:20","guid":{"rendered":"https:\/\/enconecte.com\/?p=22721"},"modified":"2023-07-21T13:58:20","modified_gmt":"2023-07-21T19:58:20","slug":"recibe-apoyo-lo-de-salas-de-arriba-para-dignificar-la-plaza-de-la-comunidad","status":"publish","type":"post","link":"https:\/\/raicesjerezanas.com\/?p=22721","title":{"rendered":"RECIBE APOYO LO DE SALAS DE ARRIBA PARA DIGNIFICAR LA PLAZA DE LA COMUNIDAD"},"content":{"rendered":"<p>En respuesta a la solicitud de los habitantes de Lo de Salas de Arriba, el alcalde Jos\u00e9 Humberto Salazar Contreras entreg\u00f3 cinco toneladas de cemento que la poblaci\u00f3n utilizar\u00e1 para colocar piso firme en la plaza de su comunidad. Esta transformaci\u00f3n convertir\u00e1 la plaza en un sitio de convivencia m\u00e1s digno para quienes viven en este lugar.<\/p>\n<p>Durante el acto de entrega, el doctor Salazar cont\u00f3 con la presencia de su esposa, la presidenta honor\u00edfica del DIF, Bertha Alicia Garc\u00eda Duarte. Adem\u00e1s, el vicealcalde de la ciudad de Aurora, Illinois, Guillermo Trujillo, quien es originario de este municipio y recientemente fue anfitri\u00f3n de la comitiva jerezana durante su visita a ese lugar, tambi\u00e9n asisti\u00f3 como invitado especial.<\/p>\n<p>El evento tambi\u00e9n fue atestiguado por el director de Desarrollo Econ\u00f3mico y Social, David Josafat de la Torre Pinedo, el director de Turismo, Francisco Serrano Miranda, y la titular del \u00e1rea de Atenci\u00f3n Ciudadana, Mar\u00eda del Consuelo Trujillo Moreno.<\/p>\n<p><a href=\"https:\/\/enconecte.com\/wp-content\/uploads\/2023\/08\/Imagen-de-WhatsApp-2023-07-21-a-las-07.19.48.jpg\"><img loading=\"lazy\" decoding=\"async\" class=\"alignnone size-full wp-image-22723\" src=\"https:\/\/enconecte.com\/wp-content\/uploads\/2023\/08\/Imagen-de-WhatsApp-2023-07-21-a-las-07.19.48.jpg\" alt=\"\" width=\"1600\" height=\"1066\" srcset=\"https:\/\/raicesjerezanas.com\/wp-content\/uploads\/2023\/08\/Imagen-de-WhatsApp-2023-07-21-a-las-07.19.48.jpg 1600w, https:\/\/raicesjerezanas.com\/wp-content\/uploads\/2023\/08\/Imagen-de-WhatsApp-2023-07-21-a-las-07.19.48-300x200.jpg 300w, https:\/\/raicesjerezanas.com\/wp-content\/uploads\/2023\/08\/Imagen-de-WhatsApp-2023-07-21-a-las-07.19.48-1024x682.jpg 1024w, https:\/\/raicesjerezanas.com\/wp-content\/uploads\/2023\/08\/Imagen-de-WhatsApp-2023-07-21-a-las-07.19.48-768x512.jpg 768w, https:\/\/raicesjerezanas.com\/wp-content\/uploads\/2023\/08\/Imagen-de-WhatsApp-2023-07-21-a-las-07.19.48-1536x1023.jpg 1536w\" sizes=\"auto, (max-width: 1600px) 100vw, 1600px\" \/><\/a><\/p>\n<p>Los vecinos de la comunidad, encabezados por el delegado Miguel \u00c1ngel M\u00e1rquez Correa y el presidente del comit\u00e9 de obra, Alfredo Pinedo Ba\u00f1uelos, junto con otros miembros del comit\u00e9, recibieron el apoyo material de manos de la autoridad municipal. El objetivo es proporcionarles un espacio p\u00fablico en mejores\u00a0condiciones.<\/p>\n","protected":false},"excerpt":{"rendered":"<div class=\"mh-excerpt\"><p>En respuesta a la solicitud de los habitantes de Lo de Salas de Arriba, el alcalde Jos\u00e9 Humberto Salazar Contreras entreg\u00f3 cinco toneladas de cemento <a class=\"mh-excerpt-more\" href=\"https:\/\/raicesjerezanas.com\/?p=22721\" title=\"RECIBE APOYO LO DE SALAS DE ARRIBA PARA DIGNIFICAR LA PLAZA DE LA COMUNIDAD\">&#8230;<\/a><\/p>\n<\/div>","protected":false},"author":1,"featured_media":22722,"comment_status":"closed","ping_status":"closed","sticky":false,"template":"","format":"standard","meta":{"footnotes":""},"categories":[102],"tags":[],"class_list":["post-22721","post","type-post","status-publish","format-standard","has-post-thumbnail","hentry","category-noticias-de-jerez"],"_links":{"self":[{"href":"https:\/\/raicesjerezanas.com\/index.php?rest_route=\/wp\/v2\/posts\/22721","targetHints":{"allow":["GET"]}}],"collection":[{"href":"https:\/\/raicesjerezanas.com\/index.php?rest_route=\/wp\/v2\/posts"}],"about":[{"href":"https:\/\/raicesjerezanas.com\/index.php?rest_route=\/wp\/v2\/types\/post"}],"author":[{"embeddable":true,"href":"https:\/\/raicesjerezanas.com\/index.php?rest_route=\/wp\/v2\/users\/1"}],"replies":[{"embeddable":true,"href":"https:\/\/raicesjerezanas.com\/index.php?rest_route=%2Fwp%2Fv2%2Fcomments&post=22721"}],"version-history":[{"count":0,"href":"https:\/\/raicesjerezanas.com\/index.php?rest_route=\/wp\/v2\/posts\/22721\/revisions"}],"wp:featuredmedia":[{"embeddable":true,"href":"https:\/\/raicesjerezanas.com\/index.php?rest_route=\/wp\/v2\/media\/22722"}],"wp:attachment":[{"href":"https:\/\/raicesjerezanas.com\/index.php?rest_route=%2Fwp%2Fv2%2Fmedia&parent=22721"}],"wp:term":[{"taxonomy":"category","embeddable":true,"href":"https:\/\/raicesjerezanas.com\/index.php?rest_route=%2Fwp%2Fv2%2Fcategories&post=22721"},{"taxonomy":"post_tag","embeddable":true,"href":"https:\/\/raicesjerezanas.com\/index.php?rest_route=%2Fwp%2Fv2%2Ftags&post=22721"}],"curies":[{"name":"wp","href":"https:\/\/api.w.org\/{rel}","templated":true}]}}