{"id":22724,"date":"2023-07-21T13:58:47","date_gmt":"2023-07-21T19:58:47","guid":{"rendered":"https:\/\/enconecte.com\/?p=22724"},"modified":"2023-07-21T13:58:47","modified_gmt":"2023-07-21T19:58:47","slug":"lanzan-convocatoria-para-becas-de-transporte-en-jerez-2023-2024","status":"publish","type":"post","link":"https:\/\/raicesjerezanas.com\/?p=22724","title":{"rendered":"LANZAN CONVOCATORIA PARA BECAS DE TRANSPORTE EN JEREZ 2023-2024"},"content":{"rendered":"<ul>\n<li>En el ciclo escolar 2022-2023 fueron beneficiados 342 estudiantes con el 50% del costo del transporte.<\/li>\n<\/ul>\n<p>Jerez, Zac.-Mediante una rueda de prensa realizada en la Casa Alk\u00e1zar, la presidencia municipal de Jerez en su periodo 2021-2024, a trav\u00e9s del departamento de Educaci\u00f3n, convoca a estudiantes de nivel superior para integrar expedientes y poder acceder a la Beca de Transporte 2023-2024. El objetivo es que la distancia no sea una barrera para la educaci\u00f3n profesional de los j\u00f3venes estudiantes.<\/p>\n<p>En la presentaci\u00f3n estuvieron presentes la Lic. en Educaci\u00f3n Mar\u00eda Esther Ibarra Guzm\u00e1n, coordinadora del departamento de Educaci\u00f3n, el Lic. David Yosafat de la Torre Pinedo, director de Desarrollo Econ\u00f3mico y Social, y la Mtra. Silvia Cabral Mu\u00f1oz, integrante del departamento de Educaci\u00f3n. La Mtra. Mar\u00eda Esther Ibarra explic\u00f3 que esta beca es un apoyo para los estudiantes que se trasladan a las ciudades de Zacatecas y Guadalupe para realizar sus estudios. Busca beneficiar el aspecto econ\u00f3mico de las familias jerezanas. Asimismo, manifest\u00f3 que en el ciclo escolar pasado, 342 estudiantes jerezanos fueron beneficiados con el 50% de condonaci\u00f3n del costo del transporte.<\/p>\n<p><a href=\"https:\/\/enconecte.com\/wp-content\/uploads\/2023\/08\/Imagen-de-WhatsApp-2023-07-21-a-las-14.17.34.jpg\"><img loading=\"lazy\" decoding=\"async\" class=\"alignnone size-full wp-image-22726\" src=\"https:\/\/enconecte.com\/wp-content\/uploads\/2023\/08\/Imagen-de-WhatsApp-2023-07-21-a-las-14.17.34.jpg\" alt=\"\" width=\"1280\" height=\"853\" srcset=\"https:\/\/raicesjerezanas.com\/wp-content\/uploads\/2023\/08\/Imagen-de-WhatsApp-2023-07-21-a-las-14.17.34.jpg 1280w, https:\/\/raicesjerezanas.com\/wp-content\/uploads\/2023\/08\/Imagen-de-WhatsApp-2023-07-21-a-las-14.17.34-300x200.jpg 300w, https:\/\/raicesjerezanas.com\/wp-content\/uploads\/2023\/08\/Imagen-de-WhatsApp-2023-07-21-a-las-14.17.34-1024x682.jpg 1024w, https:\/\/raicesjerezanas.com\/wp-content\/uploads\/2023\/08\/Imagen-de-WhatsApp-2023-07-21-a-las-14.17.34-768x512.jpg 768w\" sizes=\"auto, (max-width: 1280px) 100vw, 1280px\" \/><\/a><\/p>\n<p>Los funcionarios mencionados tambi\u00e9n informaron que la recepci\u00f3n de expedientes estar\u00e1 abierta a partir del 14 de agosto de 2023 en las instalaciones del departamento de Educaci\u00f3n, ubicadas en la Casa Alk\u00e1zar. Adem\u00e1s, proporcionaron informaci\u00f3n sobre los requisitos para los estudiantes de nuevo ingreso a la universidad, para los estudiantes universitarios que no cuentan con beca de transporte y para los estudiantes universitarios que cuentan con beca\u00a0de\u00a0transporte.<\/p>\n","protected":false},"excerpt":{"rendered":"<div class=\"mh-excerpt\"><p>En el ciclo escolar 2022-2023 fueron beneficiados 342 estudiantes con el 50% del costo del transporte. Jerez, Zac.-Mediante una rueda de prensa realizada en la <a class=\"mh-excerpt-more\" href=\"https:\/\/raicesjerezanas.com\/?p=22724\" title=\"LANZAN CONVOCATORIA PARA BECAS DE TRANSPORTE EN JEREZ 2023-2024\">&#8230;<\/a><\/p>\n<\/div>","protected":false},"author":1,"featured_media":22725,"comment_status":"closed","ping_status":"closed","sticky":false,"template":"","format":"standard","meta":{"footnotes":""},"categories":[102],"tags":[],"class_list":["post-22724","post","type-post","status-publish","format-standard","has-post-thumbnail","hentry","category-noticias-de-jerez"],"_links":{"self":[{"href":"https:\/\/raicesjerezanas.com\/index.php?rest_route=\/wp\/v2\/posts\/22724","targetHints":{"allow":["GET"]}}],"collection":[{"href":"https:\/\/raicesjerezanas.com\/index.php?rest_route=\/wp\/v2\/posts"}],"about":[{"href":"https:\/\/raicesjerezanas.com\/index.php?rest_route=\/wp\/v2\/types\/post"}],"author":[{"embeddable":true,"href":"https:\/\/raicesjerezanas.com\/index.php?rest_route=\/wp\/v2\/users\/1"}],"replies":[{"embeddable":true,"href":"https:\/\/raicesjerezanas.com\/index.php?rest_route=%2Fwp%2Fv2%2Fcomments&post=22724"}],"version-history":[{"count":0,"href":"https:\/\/raicesjerezanas.com\/index.php?rest_route=\/wp\/v2\/posts\/22724\/revisions"}],"wp:featuredmedia":[{"embeddable":true,"href":"https:\/\/raicesjerezanas.com\/index.php?rest_route=\/wp\/v2\/media\/22725"}],"wp:attachment":[{"href":"https:\/\/raicesjerezanas.com\/index.php?rest_route=%2Fwp%2Fv2%2Fmedia&parent=22724"}],"wp:term":[{"taxonomy":"category","embeddable":true,"href":"https:\/\/raicesjerezanas.com\/index.php?rest_route=%2Fwp%2Fv2%2Fcategories&post=22724"},{"taxonomy":"post_tag","embeddable":true,"href":"https:\/\/raicesjerezanas.com\/index.php?rest_route=%2Fwp%2Fv2%2Ftags&post=22724"}],"curies":[{"name":"wp","href":"https:\/\/api.w.org\/{rel}","templated":true}]}}